{"id":2248,"date":"2020-04-01T15:39:00","date_gmt":"2020-04-01T13:39:00","guid":{"rendered":"https:\/\/atmlegal.jcd.pl\/?p=2248"},"modified":"2024-10-03T11:11:12","modified_gmt":"2024-10-03T09:11:12","slug":"tarcza-antykryzysowa","status":"publish","type":"post","link":"https:\/\/atm.legal\/pl\/tarcza-antykryzysowa\/","title":{"rendered":"Tarcza antykryzysowa"},"content":{"rendered":"\n<h2 class=\"has-text-color wp-block-heading\" style=\"color:#676666\">PODSUMOWANIE NAJISTOTNIEJSZYCH ZMIAN PRAWNYCH I MECHANIZM\u00d3W POMOCOWYCH SKIEROWANYCH DO PRZEDSI\u0118BIORC\u00d3W<\/h2>\n\n\n\n<p>Poni\u017cej przedstawiamy g\u0142\u00f3wne za\u0142o\u017cenia pakietu ustaw funkcjonuj\u0105cych pod nazw\u0105 \u201eTarczy Antykryzysowej\u201d, uchwalonych przez Sejm w dniu 31 marca 2020 r., maj\u0105cych najistotniejsze znaczenie dla przedsi\u0119biorc\u00f3w (\u201eUstawa\u201d).<\/p>\n\n\n\n<p class=\"has-black-color has-text-color\">1. Prawo pracy<\/p>\n\n\n\n<p class=\"has-black-color has-text-color\">1.1. Przest\u00f3j ekonomiczny, skr\u00f3cony wymiar czasu pracy<\/p>\n\n\n\n<p>[1]&nbsp; Przedsi\u0119biorcy, u kt\u00f3rych wyst\u0105pi\u0142 spadek obrot\u00f3w gospodarczych nie mniej ni\u017c o:<\/p>\n\n\n\n<ul class=\"has-text-color wp-block-list\" style=\"color:#676666\"><li>15% w ci\u0105gu 2 kolejnych miesi\u0119cy przypadaj\u0105cych po 1 stycznia 2020 r. w por\u00f3wnaniu do analogicznych miesi\u0119cy w 2019 roku, albo<\/li><li>25% z miesi\u0105ca na miesi\u0105c w 2020 r.s\u0105 uprawnieni do wprowadzenia przestoju ekonomicznego lub skr\u00f3cenia wymiaru czasu pracy.<\/li><\/ul>\n\n\n\n<p>[2]&nbsp; Przedsi\u0119biorcy, kt\u00f3rzy wprowadz\u0105 przest\u00f3j ekonomiczny lub skr\u00f3c\u0105 wymiar czasu pracy b\u0119d\u0105 mogli ubiega\u0107 si\u0119 o dofinansowanie do wyp\u0142at na rzecz os\u00f3b zatrudnionych ze \u015brodk\u00f3w Funduszu Gwarantowanych \u015awiadcze\u0144 Pracowniczych (FG\u015aP). Dofinansowanie ma przys\u0142ugiwa\u0107 na wyp\u0142aty m.in. dla pracownik\u00f3w oraz zleceniobiorc\u00f3w podlegaj\u0105cych obowi\u0105zkowo sk\u0142adkom na ubezpieczenia emerytalne i rentowe. Wprowadzenie przestoju ekonomicznego lub skr\u00f3cenie wymiaru czasu pracy b\u0119dzie wymaga\u0142o uzgodnienia ze zwi\u0105zkami zawodowymi lub przedstawicielami pracownik\u00f3w w formie pisemnego porozumienia. Porozumienie powinno zosta\u0107 z\u0142o\u017cone w\u0142a\u015bciwemu okr\u0119gowemu inspektorowi pracy w terminie 5 dni od jego zawarcia.<\/p>\n\n\n\n<p>[3]&nbsp; Zatrudnieni obj\u0119ci:<\/p>\n\n\n\n<ul class=\"has-text-color wp-block-list\" style=\"color:#676666\"><li>przestojem ekonomicznym \u2013 maj\u0105 za ten czas otrzyma\u0107 wynagrodzenie obni\u017cone max. do 50% i nie ni\u017csze ni\u017c minimalne wynagrodzenie za prac\u0119 (z uwzgl\u0119dnieniem wymiaru czasu pracy) oraz dofinansowanie z FG\u015aP w wysoko\u015bci 50% minimalnego wynagrodzenia za prac\u0119 z uwzgl\u0119dnieniem wymiaru czasu pracy;<\/li><li>skr\u00f3conym wymiarem czasu pracy \u2013 maj\u0105 za ten czas otrzyma\u0107 wynagrodzenie obni\u017cone proporcjonalnie do czasu pracy (o nie wi\u0119cej ni\u017c 50%), nie ni\u017csze jednak ni\u017c minimalne wynagrodzenie za prac\u0119 (z uwzgl\u0119dnieniem wymiaru czasu pracy) oraz dofinansowanie z FG\u015aP w wysoko\u015bci do 50% ich wynagrodzenia, nie wi\u0119ksze jednak ni\u017c 40% przeci\u0119tnego wynagrodzenia w poprzednim kwartale.<\/li><\/ul>\n\n\n\n<p>[4]&nbsp; &nbsp;Dofinansowanie nie b\u0119dzie przys\u0142ugiwa\u0107 do wynagrodze\u0144 os\u00f3b, kt\u00f3rych wynagrodzenie w miesi\u0105cu poprzedzaj\u0105cym z\u0142o\u017cenie wniosku o dofinansowanie przekroczy\u0142o 300% prognozowanego przeci\u0119tnego miesi\u0119cznego wynagrodzenia brutto w gospodarce narodowej w 2020 r. (tj. 15 681 z\u0142). Opr\u00f3cz wyp\u0142at dla os\u00f3b zatrudnionych dofinansowanie ma obejmowa\u0107 tak\u017ce warto\u015b\u0107 sk\u0142adek na ubezpieczenia spo\u0142eczne nale\u017cnych od kwot dofinansowania.<\/p>\n\n\n\n<p>[5]&nbsp; &nbsp;Dofinansowanie b\u0119dzie wyp\u0142acane na podstawie wniosku sk\u0142adanego wraz z wyszczeg\u00f3lnionymi w ustawie dokumentami marsza\u0142kowi wojew\u00f3dztwa, w kt\u00f3rym przedsi\u0119biorca ma swoj\u0105 siedzib\u0119. Co istotne, wnioski b\u0119d\u0105 rozpatrywane wed\u0142ug kolejno\u015bci ich wp\u0142ywu. \u015awiadczenia b\u0119d\u0105 przyznawane na okres do 3 miesi\u0119cy, przy czym Rada Ministr\u00f3w b\u0119dzie mog\u0142a rozporz\u0105dzeniem wyd\u0142u\u017cy\u0107 ten okres.<\/p>\n\n\n\n<p class=\"has-black-color has-text-color\">1.2. Uelastycznienie czasu pracy<\/p>\n\n\n\n<p>[6]&nbsp; &nbsp;Pracodawcy spe\u0142niaj\u0105cy okre\u015blone kryteria (istotny spadek obrot\u00f3w, niezaleganie ze zobowi\u0105zaniami publicznoprawnymi) maj\u0105 mo\u017cliwo\u015b\u0107:<\/p>\n\n\n\n<ul class=\"has-text-color wp-block-list\" style=\"color:#676666\"><li>ograniczenia minimalnego nieprzerwanego odpoczynku pracownika \u2013 dobowego (8h zamiast 11h) i tygodniowego (32h zamiast 35h),<\/li><li>wprowadzenia systemu r\u00f3wnowa\u017cnego czasu pracy z mo\u017cliwo\u015bci\u0105 wyd\u0142u\u017cenia dobowego czasu pracy do 12h przy wyd\u0142u\u017conym do 12 miesi\u0119cy okresie rozliczeniowym (w porozumieniu ze zwi\u0105zkami zawodowymi lub reprezentacj\u0105 pracownik\u00f3w),<\/li><li>stosowania mniej korzystnych warunk\u00f3w zatrudnienia pracownik\u00f3w ni\u017c wynikaj\u0105ce z um\u00f3w o prac\u0119 (w zakresie i przez czas uzgodniony w porozumieniu ze zwi\u0105zkami zawodowymi lub reprezentacj\u0105 pracownik\u00f3w).<\/li><\/ul>\n\n\n\n<p>[7]&nbsp; &nbsp;Je\u017celi u pracodawcy nie dzia\u0142a zwi\u0105zek zawodowy, a wyb\u00f3r przedstawicieli pracownik\u00f3w b\u0119dzie utrudniony, porozumienie w przedmiocie wprowadzenia powy\u017cszych rozwi\u0105za\u0144 b\u0119dzie mo\u017cna zawrze\u0107 z przedstawicielami pracownik\u00f3w wybranymi uprzednio dla innych cel\u00f3w.<\/p>\n\n\n\n<p class=\"has-black-color has-text-color\">1.3. Wyd\u0142u\u017cenie termin\u00f3w na wprowadzenie PPK<\/p>\n\n\n\n<p>[8]&nbsp; &nbsp;Wyd\u0142u\u017ceniu o 6 miesi\u0119cy ulegaj\u0105 terminy na uruchomienie PPK przez pracodawc\u00f3w zatrudniaj\u0105cych 50-249 os\u00f3b:<\/p>\n\n\n\n<ul class=\"has-text-color wp-block-list\" style=\"color:#676666\"><li>termin na uzgodnienie instytucji finansowej \u2013 do 27 wrze\u015bnia 2020 r. (zamiast do 24 marca 2020 r.),<\/li><li>termin na zawarcie umowy o zarz\u0105dzanie PPK (zakontraktowanie wybranej instytucji finansowej) \u2013 do 27 pa\u017adziernika 2020 r. (zamiast do 24 kwietnia 2020 r.),<\/li><li>termin na zawarcie umowy o prowadzenie PPK (zapisanie pierwszych pracownik\u00f3w do PPK) \u2013 do 10 listopada 2020 r. (zamiast do 11 maja 2020 r.).<\/li><\/ul>\n\n\n\n<p class=\"has-black-color has-text-color\">2. Sk\u0142adki ZUS<\/p>\n\n\n\n<p>[9]&nbsp; &nbsp;O zwolnienie z obowi\u0105zku p\u0142acenia sk\u0142adek na ZUS za okres 3 miesi\u0119cy (od 1 marca do 31 maja 2020 roku) \u2013 po spe\u0142nieniu okre\u015blonych warunk\u00f3w \u2013 b\u0119d\u0105 mogli ubiega\u0107 si\u0119:<\/p>\n\n\n\n<ul class=\"has-text-color wp-block-list\" style=\"color:#676666\"><li>mikroprzedsi\u0119biorcy (do 9 os\u00f3b zatrudnionych) wraz osobami wsp\u00f3\u0142pracuj\u0105cymi oraz osobami, kt\u00f3re zatrudniaj\u0105 (m.in. na podstawie umowy o prac\u0119, umowy zlecenia),<\/li><li>w tym tak\u017ce samozatrudnieni, jednak pod warunkiem, \u017ce ich przych\u00f3d w miesi\u0105cu poprzedzaj\u0105cym z\u0142o\u017cenie wniosku nie przekroczy 300 % przeci\u0119tnego miesi\u0119cznego wynagrodzenia (w 2020 r. \u2013 15.681 z\u0142).<\/li><\/ul>\n\n\n\n<p class=\"has-black-color has-text-color\">3. Dodatkowe \u015bwiadczenie pieni\u0119\u017cne dla mikro, ma\u0142ych i \u015brednich przedsi\u0119biorc\u00f3w<\/p>\n\n\n\n<p>[10]&nbsp; W przypadku wysokich spadk\u00f3w obrot\u00f3w (co najmniej 30%) w wyniku COVID-19, starosta b\u0119dzie m\u00f3g\u0142 przyzna\u0107 przedsi\u0119biorcom dodatkowe \u015bwiadczenia pieni\u0119\u017cne w celu:<\/p>\n\n\n\n<ul class=\"has-text-color wp-block-list\" style=\"color:#676666\"><li>dofinansowania wynagrodze\u0144 pracownik\u00f3w; albo<\/li><li>pokrycia koszt\u00f3w dzia\u0142alno\u015bci gospodarczej, je\u015bli przedsi\u0119biorca nie zatrudnia pracownik\u00f3w.<\/li><\/ul>\n\n\n\n<p>[11]&nbsp; &nbsp;Maksymalna kwota dofinansowania na pracownika wyniesie od maksymalnie od 50% do 90% minimalnego wynagrodzenia powi\u0119kszonego o sk\u0142adki na ubezpieczenia spo\u0142eczne (w zale\u017cno\u015bci od wysoko\u015bci spadku obrot\u00f3w). Maksymalna kwota dofinansowania dla przedsi\u0119biorcy, kt\u00f3ry nie zatrudnia pracownik\u00f3w, wyniesie od 50% do 90% minimalnego wynagrodzenia (w zale\u017cno\u015bci od wysoko\u015bci spadku obrot\u00f3w). \u015awiadczenie b\u0119dzie wyp\u0142acane miesi\u0119cznie przez nie d\u0142u\u017cej ni\u017c 3 miesi\u0105ce. Rada Ministr\u00f3w b\u0119dzie mog\u0142a wyd\u0142u\u017cy\u0107 ten okres na podstawie odpowiedniego rozporz\u0105dzenia. Ustawa nak\u0142ada na pracodawc\u0119 obowi\u0105zek utrzymania w zatrudnieniu pracownik\u00f3w, na kt\u00f3rych zosta\u0142o przyznane dofinansowanie, przez okre\u015blony czas.<\/p>\n\n\n\n<p class=\"has-black-color has-text-color\">4. \u015awiadczenie postojowe dla jednoosobowych przedsi\u0119biorc\u00f3w oraz os\u00f3b zatrudnionych na umowach cywilnoprawnych<\/p>\n\n\n\n<p>[12]&nbsp; &nbsp;\u015awiadczenie postojowe przys\u0142uguje:<\/p>\n\n\n\n<p>a. jednoosobowym przedsi\u0119biorcom, je\u017celi spe\u0142ni\u0105 okre\u015blone kryteria, w tym m. in. je\u017celi:<\/p>\n\n\n\n<ul class=\"has-text-color wp-block-list\" style=\"color:#676666\"><li>zawiesili prowadzenie dzia\u0142alno\u015bci gospodarczej po dniu 31 stycznia 2020 r. albo<\/li><li>nie zawiesili prowadzenia dzia\u0142alno\u015bci gospodarczej i odnotowali spadek przychod\u00f3w w wysoko\u015bci co najmniej 15% w miesi\u0105cu poprzedzaj\u0105cym z\u0142o\u017cenie wniosku w por\u00f3wnaniu do miesi\u0105ca wcze\u015bniejszego,<\/li><\/ul>\n\n\n\n<p>b. osobom zatrudnionym na podstawie um\u00f3w cywilnoprawnych (tj. umowa agencyjna, umowa zlecenie, umowa o \u015bwiadczenie us\u0142ug, umowa o dzie\u0142o), je\u017celi spe\u0142ni\u0105 okre\u015blone kryteria, w tym m. in. je\u017celi:<\/p>\n\n\n\n<ul class=\"has-text-color wp-block-list\" style=\"color:#676666\"><li>umowa zosta\u0142a zawarta nie p\u00f3\u017aniej ni\u017c 1 lutego 2020 r. oraz<\/li><li>um\u00f3wione wynagrodzenie wynosi co najmniej 50% minimalnego wynagrodzenia za prac\u0119 obowi\u0105zuj\u0105cego w 2020 r.<\/li><\/ul>\n\n\n\n<p>[13]&nbsp; &nbsp;Osoba uprawniona b\u0119dzie mog\u0142a wnioskowa\u0107 o jednorazowe \u015bwiadczenie w wysoko\u015bci 80% minimalnego wynagrodzenia w 2020 r. (2 080 z\u0142 brutto). Rada Ministr\u00f3w b\u0119dzie mog\u0142a w drodze rozporz\u0105dzenia przyzna\u0107 ponown\u0105 wyp\u0142at\u0119 \u015bwiadczenia postojowego maj\u0105c na wzgl\u0119dzie okres obowi\u0105zywania stanu zagro\u017cenia epidemicznego lub stanu epidemii oraz skutki nimi wywo\u0142ane. Warunkami do uzyskania pomocy s\u0105 m.in.:<\/p>\n\n\n\n<ul class=\"has-text-color wp-block-list\" style=\"color:#676666\"><li>z\u0142o\u017cenie odpowiedniego wniosku,<\/li><li>przest\u00f3j w prowadzeniu dzia\u0142alno\u015bci przez jednoosobowego przedsi\u0119biorc\u0119 lub zleceniodawc\u0119, z kt\u00f3rym zosta\u0142a zawarta umowa cywilnoprawna, spowodowany wyst\u0105pieniem COVID-19,<\/li><li>niepodleganie ubezpieczeniom spo\u0142ecznym z innego tytu\u0142u,<\/li><li>w przypadku jednoosobowych przedsi\u0119biorc\u00f3w \u2013 nieuzyskanie w miesi\u0105cu poprzedzaj\u0105cym miesi\u0105c z\u0142o\u017cenia wniosku przychodu przewy\u017cszaj\u0105cego 300% prognozowanego przeci\u0119tnego wynagrodzenia brutto w 2020 r. (tj. 15 681 z\u0142).<\/li><\/ul>\n\n\n\n<p class=\"has-black-color has-text-color\">5. Dodatkowe wsparcie kredytowe dla przedsi\u0119biorc\u00f3w<\/p>\n\n\n\n<p>[14]&nbsp; &nbsp;Banki krajowe, oddzia\u0142y bank\u00f3w zagranicznych i instytucji kredytowych oraz SKOKi nie wliczaj\u0105 do podstawy opodatkowania kredyt\u00f3w udzielonych przedsi\u0119biorcom dotkni\u0119tym skutkom epidemii. Dodatkowe po\u017cyczki b\u0119d\u0105 mogli uzyska\u0107 mikro przedsi\u0119biorcy. Maksymalna kwota pomocy to 5 tys. PLN przy okresie sp\u0142aty do 12 miesi\u0119cy. Istnieje mo\u017cliwo\u015b\u0107 umorzenia d\u0142ugu, o ile przedsi\u0119biorca, w terminie 3 miesi\u0119cy od uzyskania wsparcia, nie zdecyduje si\u0119 na zmniejszenie stanu zatrudnienia.<\/p>\n\n\n\n<p>[15]&nbsp; &nbsp;BGK uzyska mo\u017cliwo\u015b\u0107 udzielania, we w\u0142asnym imieniu i na w\u0142asny rachunek, por\u0119cze\u0144 i gwarancji sp\u0142aty kredyt\u00f3w, przeznaczonych na zachowanie p\u0142ynno\u015bci finansowej do wysoko\u015bci 80% kredytu. Bank b\u0119dzie m\u00f3g\u0142 dokona\u0107 zmiany okre\u015blonych w umowie warunk\u00f3w lub termin\u00f3w sp\u0142aty kredytu wzgl\u0119dem M\u015aP, o ile kredyt udzielony zosta\u0142 przed 8 marca 2020 r. Zmiana nie mo\u017ce by\u0107 dla kredytobiorcy mniej korzystna.<\/p>\n\n\n\n<p class=\"has-black-color has-text-color\">6. Zmiana w zakresie prawa sp\u00f3\u0142ek<\/p>\n\n\n\n<p>[16]&nbsp; &nbsp;Organy korporacyjne sp\u00f3\u0142ek kapita\u0142owych b\u0119d\u0105 mog\u0142y odbywa\u0107 posiedzenia i podejmowa\u0107 uchwa\u0142y za pomoc\u0105 \u015brodk\u00f3w porozumiewania si\u0119 na odleg\u0142o\u015b\u0107. Oddanie g\u0142osu b\u0119dzie mo\u017cliwe r\u00f3wnie\u017c pisemnie za po\u015brednictwem innego cz\u0142onka organu. Spos\u00f3b i tryb obrad walnego zgromadzania b\u0119dzie ustala\u0107 rada nadzorcza lub wsp\u00f3lnicy. W odniesieniu do zgromadze\u0144 wsp\u00f3lnik\u00f3w oraz walnych zgromadze\u0144 zwo\u0142anych przed dniem wej\u015bcia w \u017cycie ustawy zwo\u0142uj\u0105cy mo\u017ce umo\u017cliwi\u0107 uczestnictwo w postaci elektronicznej. Planowane s\u0105 zmiany w sposobie zawiadomienie o walnym zgromadzeniu.<\/p>\n\n\n\n<p>[17]&nbsp; O\u015bwiadczenie woli cz\u0142onka organu osoby prawnej mo\u017ce zosta\u0107 z\u0142o\u017cone w formie dokumentowej. Do skuteczno\u015bci takiego o\u015bwiadczenia nie jest wymagane opatrzenie o\u015bwiadczenia podpisem osobistym lub kwalifikowanym podpisem elektronicznym, bez wzgl\u0119du na odmienne zastrze\u017cenie ustawy b\u0105d\u017a czynno\u015bci prawnej.<\/p>\n\n\n\n<p class=\"has-black-color has-text-color\">7. Cudzoziemcy \u2013 przed\u0142u\u017cenie termin\u00f3w wiz i zezwole\u0144<\/p>\n\n\n\n<p>[18]&nbsp; &nbsp;Ustawa przewiduje, \u017ce:<\/p>\n\n\n\n<ul class=\"has-text-color wp-block-list\" style=\"color:#676666\"><li>zezwolenia na pobyt,<\/li><li>wizy,<\/li><li>zezwolenia na prac\u0119,<\/li><li>zarejestrowane o\u015bwiadczenia o powierzeniu wykonywania pracy cudzoziemcowi<\/li><\/ul>\n\n\n\n<p>\u2013 kt\u00f3rych wa\u017cno\u015b\u0107 up\u0142ywa w okresie stanu epidemii lub zagro\u017cenia epidemicznego, zostaj\u0105 przed\u0142u\u017cone na czas obowi\u0105zywania stanu zagro\u017cenia epidemicznego oraz stanu epidemii oraz o 30 dni licz\u0105c od dnia zniesienia ostatniego z tych stan\u00f3w. Analogicznie wyd\u0142u\u017cone zosta\u0142y terminy na z\u0142o\u017cenie wniosk\u00f3w o wydanie w\/w zezwole\u0144 lub wiz. Do przed\u0142u\u017cenia wa\u017cno\u015bci dokument\u00f3w pobytowych ma nie by\u0107 wymagane wydanie nowych kart pobytu ani wiz.<\/p>\n\n\n\n<p class=\"has-black-color has-text-color\">8. Zawieszenie biegu termin\u00f3w ustawowych<\/p>\n\n\n\n<p>[19]&nbsp; W okresie obowi\u0105zywania stanu zagro\u017cenia epidemicznego albo stanu epidemii termin\u00f3w materialno-prawnych, przewidzianych przepisami prawa cywilnego i administracyjnego nie rozpoczyna si\u0119, a rozpocz\u0119te ulegaj\u0105 zawieszeniu na ten okres. Zawieszeniu ulegaj\u0105 tak\u017ce terminy procesowe i s\u0105dowe.<\/p>\n\n\n\n<p>[20]&nbsp; &nbsp;Ponadto przewidziano nast\u0119puj\u0105ce modyfikacje:<\/p>\n\n\n\n<ul class=\"has-text-color wp-block-list\" style=\"color:#676666\"><li>Modyfikacja przepis\u00f3w Ustawy o dozorze technicznym oraz Prawa o miarach umo\u017cliwi odroczenie odpowiednio badania technicznego lub legalizacji ponownej na okres do 6 miesi\u0119cy.<\/li><li>Termin na obowi\u0105zkowe przerejestrowanie pojazdu kupionego na terytorium Polski lub sprowadzonego z zagranicy wyd\u0142u\u017ca si\u0119 do 180 dni.<\/li><li>Termin zg\u0142osze\u0144 do Centralnego Rejestru Beneficjent\u00f3w Rzeczywistych zostanie wyd\u0142u\u017cony do 1 lipca 2020 r.<\/li><li>Do 30 wrze\u015bnia 2020 r. wyd\u0142u\u017cono termin na z\u0142o\u017cenie informacji o cenach transferowych dla podmiot\u00f3w, kt\u00f3rych rok obrotowy\/podatkowy rozpocz\u0105\u0142 si\u0119 po 31 grudnia 2018 r., a zako\u0144czy\u0142 przed 31 grudnia 2019 r.<\/li><li>Minister Finans\u00f3w mo\u017ce rozporz\u0105dzeniem wyd\u0142u\u017cy\u0107 m. in. okres sk\u0142adania sprawozda\u0144 finansowych. W tym przypadku walne zgromadzenie zatwierdzaj\u0105ce roczne sprawozdanie powinno odby\u0107 si\u0119 do dnia wskazanego w takim rozporz\u0105dzeniu. Minister ds. finans\u00f3w publicznych mo\u017ce w formie rozporz\u0105dzenia zawiesi\u0107 tak\u017ce aktualnie tocz\u0105ce si\u0119 post\u0119powania kontrolne. W sprawach indywidualnych, tak\u0105 mo\u017cliwo\u015b\u0107 uzyska organ kontrolny, dzia\u0142aj\u0105c z urz\u0119du lub na wniosek.<\/li><li>Rada Ministr\u00f3w b\u0119dzie mog\u0142a na czas epidemii zawiesi\u0107 post\u0119powania egzekucyjne w administracji w formie rozporz\u0105dzenia.<\/li><\/ul>\n\n\n\n<p class=\"has-black-color has-text-color\">9. Ograniczenie zakazu handlu w niedziele<\/p>\n\n\n\n<p>[21]&nbsp; &nbsp;W okresie obowi\u0105zywania stanu epidemii lub zagro\u017cenia epidemicznego oraz 30 dni po ich odwo\u0142aniu, zakaz handlu nie b\u0119dzie obowi\u0105zywa\u0142 w niedziele w zakresie roz\u0142adowywania, przyjmowania i ekspozycji towar\u00f3w pierwszej potrzeby oraz powierzania pracownikom lub zatrudnionym wykonywania takich czynno\u015bci.<\/p>\n\n\n\n<p class=\"has-black-color has-text-color\">10. Bran\u017ca kulturowa i turystyczna<\/p>\n\n\n\n<p>[22]&nbsp; &nbsp;Przedsi\u0119biorcy organizuj\u0105cy wystawy i kongresy, prowadz\u0105cy dzia\u0142alno\u015b\u0107 kulturaln\u0105, rozrywkow\u0105, rekreacyjn\u0105 lub imprezy plenerowe, z kt\u00f3rymi kontrahenci rozwi\u0105zali umowy z uwagi na wybuch epidemii, uzyskali prawo wyd\u0142u\u017cenia terminu zwrotu zap\u0142aconej kwoty do 180 dni. Planowana jest mo\u017cliwo\u015b\u0107 konwersji niespe\u0142nionego \u015bwiadczenia na voucher, kt\u00f3ry kontrahent przedsi\u0119biorcy zrealizuje w terminie roku od daty pierwotnego wydarzenia. Rozwi\u0105zanie to b\u0119d\u0105 mogli stosowa\u0107 przedsi\u0119biorcy lub rolnicy \u015bwiadcz\u0105cy us\u0142ugi hotelarskie w rozumieniu przepis\u00f3w o organizowaniu turystyki.<\/p>\n\n\n\n<p class=\"has-black-color has-text-color\">11. Umowy najmu powierzchni w centrach handlowych<\/p>\n\n\n\n<p>[23]&nbsp; &nbsp;W okresie zakazu prowadzenia dzia\u0142alno\u015bci w obiektach handlowych o powierzchni sprzeda\u017cy powy\u017cej 2000 mkw. wygasaj\u0105 wzajemne zobowi\u0105zania stron umowy najmu (i innych um\u00f3w, na mocy kt\u00f3rej dosz\u0142o do oddania lokalu w u\u017cytkowanie). Najemca mo\u017ce z\u0142o\u017cy\u0107 wynajmuj\u0105cemu bezwarunkow\u0105 ofert\u0119 obowi\u0105zywania umowy na dotychczasowych zasadach o okres obowi\u0105zywania zakazu przed\u0142u\u017cony o sze\u015b\u0107 miesi\u0119cy. Na mocy o\u015bwiadczenia najemcy stosunek najmu, kt\u00f3ry wygasn\u0105\u0107 mia\u0142 do 30 czerwca b.r., ulega przed\u0142u\u017ceniu. Do 30 czerwca 2020 r. zakazuje si\u0119 r\u00f3wnie\u017c wypowiedzenia umowy najmu lub wysoko\u015bci czynszu, o ile nie nast\u0105pi konieczno\u015b\u0107 rozbi\u00f3rki lub remontu budynku, a najemca u\u017cywa lokalu zgodnie z prawem.<\/p>\n\n\n\n<p>***<\/p>\n\n\n\n<p>Pozostajemy w gotowo\u015bci, aby wesprze\u0107 Pa\u0144stwa przy sk\u0142adaniu wniosk\u00f3w o dofinansowanie i wdra\u017caniu mechanizm\u00f3w pomocowych przewidzianych w nowych przepisach antykryzysowych.<\/p>\n\n\n\n<p>Niezale\u017cnie od powy\u017cszego zwracamy uwag\u0119 na:<\/p>\n\n\n\n<ul class=\"has-text-color wp-block-list\" style=\"color:#676666\"><li>konieczno\u015b\u0107 przeprowadzenia audytu najistotniejszych um\u00f3w obowi\u0105zuj\u0105cych w Pa\u0144stwa firmach w celu ograniczenia na przysz\u0142o\u015b\u0107 ewentualnej odpowiedzialno\u015bci odszkodowawczej w przypadku trudno\u015bci z ich wykonaniem<\/li><li>mo\u017cliwo\u015b\u0107 podj\u0119cia szeregu innych dzia\u0142a\u0144 optymalizuj\u0105cych i ograniczaj\u0105cych Pa\u0144stwa odpowiedzialno\u015b\u0107 kontraktow\u0105<\/li><li>konieczno\u015b\u0107 zachowania rygor\u00f3w ustawowych przy wprowadzaniu zmian do obowi\u0105zuj\u0105cych um\u00f3w o prac\u0119<\/li><li>konieczno\u015b\u0107 dostosowania regulamin\u00f3w wewn\u0119trznych do aktualnej sytuacji kryzysowej.<\/li><\/ul>\n","protected":false},"excerpt":{"rendered":"<p>PODSUMOWANIE NAJISTOTNIEJSZYCH ZMIAN PRAWNYCH I MECHANIZM\u00d3W POMOCOWYCH SKIEROWANYCH DO PRZEDSI\u0118BIORC\u00d3W Poni\u017cej przedstawiamy g\u0142\u00f3wne za\u0142o\u017cenia pakietu ustaw funkcjonuj\u0105cych pod nazw\u0105 \u201eTarczy Antykryzysowej\u201d, uchwalonych przez Sejm w dniu 31 marca 2020 r., maj\u0105cych najistotniejsze znaczenie dla przedsi\u0119biorc\u00f3w (\u201eUstawa\u201d). 1. Prawo pracy 1.1. Przest\u00f3j ekonomiczny, skr\u00f3cony wymiar czasu pracy [1]&nbsp; Przedsi\u0119biorcy, u kt\u00f3rych wyst\u0105pi\u0142 spadek obrot\u00f3w gospodarczych nie [&hellip;]<\/p>\n","protected":false},"author":8,"featured_media":2475,"comment_status":"closed","ping_status":"closed","sticky":false,"template":"","format":"standard","meta":{"_acf_changed":false,"om_disable_all_campaigns":false,"footnotes":""},"categories":[42,43],"tags":[],"ppma_author":[103],"class_list":["post-2248","post","type-post","status-publish","format-standard","has-post-thumbnail","hentry","category-atm-blog","category-aktualnosci"],"acf":[],"yoast_head":"<!-- This site is optimized with the Yoast SEO plugin v25.5 - https:\/\/yoast.com\/wordpress\/plugins\/seo\/ -->\n<title>Tarcza antykryzysowa<\/title>\n<meta name=\"robots\" content=\"index, follow, max-snippet:-1, max-image-preview:large, max-video-preview:-1\" \/>\n<link rel=\"canonical\" href=\"https:\/\/atm.legal\/pl\/tarcza-antykryzysowa\/\" \/>\n<meta property=\"og:locale\" content=\"pl_PL\" \/>\n<meta property=\"og:type\" content=\"article\" \/>\n<meta property=\"og:title\" content=\"Tarcza antykryzysowa\" \/>\n<meta property=\"og:description\" content=\"PODSUMOWANIE NAJISTOTNIEJSZYCH ZMIAN PRAWNYCH I MECHANIZM\u00d3W POMOCOWYCH SKIEROWANYCH DO PRZEDSI\u0118BIORC\u00d3W Poni\u017cej przedstawiamy g\u0142\u00f3wne za\u0142o\u017cenia pakietu ustaw funkcjonuj\u0105cych pod nazw\u0105 \u201eTarczy Antykryzysowej\u201d, uchwalonych przez Sejm w dniu 31 marca 2020 r., maj\u0105cych najistotniejsze znaczenie dla przedsi\u0119biorc\u00f3w (\u201eUstawa\u201d). 1. Prawo pracy 1.1. Przest\u00f3j ekonomiczny, skr\u00f3cony wymiar czasu pracy [1]&nbsp; Przedsi\u0119biorcy, u kt\u00f3rych wyst\u0105pi\u0142 spadek obrot\u00f3w gospodarczych nie [&hellip;]\" \/>\n<meta property=\"og:url\" content=\"https:\/\/atm.legal\/pl\/tarcza-antykryzysowa\/\" \/>\n<meta property=\"og:site_name\" content=\"ATM.LEGAL\" \/>\n<meta property=\"article:published_time\" content=\"2020-04-01T13:39:00+00:00\" \/>\n<meta property=\"article:modified_time\" content=\"2024-10-03T09:11:12+00:00\" \/>\n<meta property=\"og:image\" content=\"https:\/\/atm.legal\/wp-content\/uploads\/2020\/04\/towfiqu-barbhuiya-3aGZ7a97qwA-unsplash-1-1.webp\" \/>\n\t<meta property=\"og:image:width\" content=\"1019\" \/>\n\t<meta property=\"og:image:height\" content=\"480\" \/>\n\t<meta property=\"og:image:type\" content=\"image\/webp\" \/>\n<meta name=\"author\" content=\"Artur Marcinkowski\" \/>\n<meta name=\"twitter:card\" content=\"summary_large_image\" \/>\n<meta name=\"twitter:label1\" content=\"Napisane przez\" \/>\n\t<meta name=\"twitter:data1\" content=\"Artur Marcinkowski\" \/>\n\t<meta name=\"twitter:label2\" content=\"Szacowany czas czytania\" \/>\n\t<meta name=\"twitter:data2\" content=\"9 minut\" \/>\n<script type=\"application\/ld+json\" class=\"yoast-schema-graph\">{\"@context\":\"https:\/\/schema.org\",\"@graph\":[{\"@type\":\"Article\",\"@id\":\"https:\/\/atm.legal\/pl\/tarcza-antykryzysowa\/#article\",\"isPartOf\":{\"@id\":\"https:\/\/atm.legal\/pl\/tarcza-antykryzysowa\/\"},\"author\":{\"name\":\"Artur Marcinkowski\",\"@id\":\"https:\/\/atm.legal\/pl\/#\/schema\/person\/82aa2125ba0fb898e82f2e042b2a9adc\"},\"headline\":\"Tarcza antykryzysowa\",\"datePublished\":\"2020-04-01T13:39:00+00:00\",\"dateModified\":\"2024-10-03T09:11:12+00:00\",\"mainEntityOfPage\":{\"@id\":\"https:\/\/atm.legal\/pl\/tarcza-antykryzysowa\/\"},\"wordCount\":2294,\"publisher\":{\"@id\":\"https:\/\/atm.legal\/pl\/#organization\"},\"image\":{\"@id\":\"https:\/\/atm.legal\/pl\/tarcza-antykryzysowa\/#primaryimage\"},\"thumbnailUrl\":\"https:\/\/atm.legal\/wp-content\/uploads\/2020\/04\/towfiqu-barbhuiya-3aGZ7a97qwA-unsplash-1-1.webp\",\"articleSection\":[\"ATM.Blog\",\"Aktualno\u015bci\"],\"inLanguage\":\"pl-PL\"},{\"@type\":\"WebPage\",\"@id\":\"https:\/\/atm.legal\/pl\/tarcza-antykryzysowa\/\",\"url\":\"https:\/\/atm.legal\/pl\/tarcza-antykryzysowa\/\",\"name\":\"Tarcza antykryzysowa\",\"isPartOf\":{\"@id\":\"https:\/\/atm.legal\/pl\/#website\"},\"primaryImageOfPage\":{\"@id\":\"https:\/\/atm.legal\/pl\/tarcza-antykryzysowa\/#primaryimage\"},\"image\":{\"@id\":\"https:\/\/atm.legal\/pl\/tarcza-antykryzysowa\/#primaryimage\"},\"thumbnailUrl\":\"https:\/\/atm.legal\/wp-content\/uploads\/2020\/04\/towfiqu-barbhuiya-3aGZ7a97qwA-unsplash-1-1.webp\",\"datePublished\":\"2020-04-01T13:39:00+00:00\",\"dateModified\":\"2024-10-03T09:11:12+00:00\",\"breadcrumb\":{\"@id\":\"https:\/\/atm.legal\/pl\/tarcza-antykryzysowa\/#breadcrumb\"},\"inLanguage\":\"pl-PL\",\"potentialAction\":[{\"@type\":\"ReadAction\",\"target\":[\"https:\/\/atm.legal\/pl\/tarcza-antykryzysowa\/\"]}]},{\"@type\":\"ImageObject\",\"inLanguage\":\"pl-PL\",\"@id\":\"https:\/\/atm.legal\/pl\/tarcza-antykryzysowa\/#primaryimage\",\"url\":\"https:\/\/atm.legal\/wp-content\/uploads\/2020\/04\/towfiqu-barbhuiya-3aGZ7a97qwA-unsplash-1-1.webp\",\"contentUrl\":\"https:\/\/atm.legal\/wp-content\/uploads\/2020\/04\/towfiqu-barbhuiya-3aGZ7a97qwA-unsplash-1-1.webp\",\"width\":1019,\"height\":480},{\"@type\":\"BreadcrumbList\",\"@id\":\"https:\/\/atm.legal\/pl\/tarcza-antykryzysowa\/#breadcrumb\",\"itemListElement\":[{\"@type\":\"ListItem\",\"position\":1,\"name\":\"Home\",\"item\":\"https:\/\/atm.legal\/pl\/\"},{\"@type\":\"ListItem\",\"position\":2,\"name\":\"Tarcza antykryzysowa\"}]},{\"@type\":\"WebSite\",\"@id\":\"https:\/\/atm.legal\/pl\/#website\",\"url\":\"https:\/\/atm.legal\/pl\/\",\"name\":\"ATM.LEGAL\",\"description\":\"\",\"publisher\":{\"@id\":\"https:\/\/atm.legal\/pl\/#organization\"},\"potentialAction\":[{\"@type\":\"SearchAction\",\"target\":{\"@type\":\"EntryPoint\",\"urlTemplate\":\"https:\/\/atm.legal\/pl\/?s={search_term_string}\"},\"query-input\":{\"@type\":\"PropertyValueSpecification\",\"valueRequired\":true,\"valueName\":\"search_term_string\"}}],\"inLanguage\":\"pl-PL\"},{\"@type\":\"Organization\",\"@id\":\"https:\/\/atm.legal\/pl\/#organization\",\"name\":\"ATM.LEGAL\",\"url\":\"https:\/\/atm.legal\/pl\/\",\"logo\":{\"@type\":\"ImageObject\",\"inLanguage\":\"pl-PL\",\"@id\":\"https:\/\/atm.legal\/pl\/#\/schema\/logo\/image\/\",\"url\":\"https:\/\/atm.legal\/wp-content\/uploads\/2022\/10\/cropped-atm-favicon-lg.png\",\"contentUrl\":\"https:\/\/atm.legal\/wp-content\/uploads\/2022\/10\/cropped-atm-favicon-lg.png\",\"width\":512,\"height\":512,\"caption\":\"ATM.LEGAL\"},\"image\":{\"@id\":\"https:\/\/atm.legal\/pl\/#\/schema\/logo\/image\/\"},\"sameAs\":[\"https:\/\/www.linkedin.com\/company\/atmlegal\/\",\"https:\/\/www.linkedin.com\/in\/artur-marcinkowski-atmlegal\/\"]},{\"@type\":\"Person\",\"@id\":\"https:\/\/atm.legal\/pl\/#\/schema\/person\/82aa2125ba0fb898e82f2e042b2a9adc\",\"name\":\"Artur Marcinkowski\",\"image\":{\"@type\":\"ImageObject\",\"inLanguage\":\"pl-PL\",\"@id\":\"https:\/\/atm.legal\/pl\/#\/schema\/person\/image\/bd18cc43cd5c61a49fe8800cf2b5ade6\",\"url\":\"https:\/\/secure.gravatar.com\/avatar\/5cb4559bdaad4c3aa8e16c43b8144fdf57bdb27d44434a9b5e438ca27de4f2dc?s=96&d=mm&r=g\",\"contentUrl\":\"https:\/\/secure.gravatar.com\/avatar\/5cb4559bdaad4c3aa8e16c43b8144fdf57bdb27d44434a9b5e438ca27de4f2dc?s=96&d=mm&r=g\",\"caption\":\"Artur Marcinkowski\"},\"url\":\"https:\/\/atm.legal\/pl\/author\/marcinkowskiatm-legal\/\"}]}<\/script>\n<!-- \/ Yoast SEO plugin. -->","yoast_head_json":{"title":"Tarcza antykryzysowa","robots":{"index":"index","follow":"follow","max-snippet":"max-snippet:-1","max-image-preview":"max-image-preview:large","max-video-preview":"max-video-preview:-1"},"canonical":"https:\/\/atm.legal\/pl\/tarcza-antykryzysowa\/","og_locale":"pl_PL","og_type":"article","og_title":"Tarcza antykryzysowa","og_description":"PODSUMOWANIE NAJISTOTNIEJSZYCH ZMIAN PRAWNYCH I MECHANIZM\u00d3W POMOCOWYCH SKIEROWANYCH DO PRZEDSI\u0118BIORC\u00d3W Poni\u017cej przedstawiamy g\u0142\u00f3wne za\u0142o\u017cenia pakietu ustaw funkcjonuj\u0105cych pod nazw\u0105 \u201eTarczy Antykryzysowej\u201d, uchwalonych przez Sejm w dniu 31 marca 2020 r., maj\u0105cych najistotniejsze znaczenie dla przedsi\u0119biorc\u00f3w (\u201eUstawa\u201d). 1. Prawo pracy 1.1. Przest\u00f3j ekonomiczny, skr\u00f3cony wymiar czasu pracy [1]&nbsp; Przedsi\u0119biorcy, u kt\u00f3rych wyst\u0105pi\u0142 spadek obrot\u00f3w gospodarczych nie [&hellip;]","og_url":"https:\/\/atm.legal\/pl\/tarcza-antykryzysowa\/","og_site_name":"ATM.LEGAL","article_published_time":"2020-04-01T13:39:00+00:00","article_modified_time":"2024-10-03T09:11:12+00:00","og_image":[{"width":1019,"height":480,"url":"https:\/\/atm.legal\/wp-content\/uploads\/2020\/04\/towfiqu-barbhuiya-3aGZ7a97qwA-unsplash-1-1.webp","type":"image\/webp"}],"author":"Artur Marcinkowski","twitter_card":"summary_large_image","twitter_misc":{"Napisane przez":"Artur Marcinkowski","Szacowany czas czytania":"9 minut"},"schema":{"@context":"https:\/\/schema.org","@graph":[{"@type":"Article","@id":"https:\/\/atm.legal\/pl\/tarcza-antykryzysowa\/#article","isPartOf":{"@id":"https:\/\/atm.legal\/pl\/tarcza-antykryzysowa\/"},"author":{"name":"Artur Marcinkowski","@id":"https:\/\/atm.legal\/pl\/#\/schema\/person\/82aa2125ba0fb898e82f2e042b2a9adc"},"headline":"Tarcza antykryzysowa","datePublished":"2020-04-01T13:39:00+00:00","dateModified":"2024-10-03T09:11:12+00:00","mainEntityOfPage":{"@id":"https:\/\/atm.legal\/pl\/tarcza-antykryzysowa\/"},"wordCount":2294,"publisher":{"@id":"https:\/\/atm.legal\/pl\/#organization"},"image":{"@id":"https:\/\/atm.legal\/pl\/tarcza-antykryzysowa\/#primaryimage"},"thumbnailUrl":"https:\/\/atm.legal\/wp-content\/uploads\/2020\/04\/towfiqu-barbhuiya-3aGZ7a97qwA-unsplash-1-1.webp","articleSection":["ATM.Blog","Aktualno\u015bci"],"inLanguage":"pl-PL"},{"@type":"WebPage","@id":"https:\/\/atm.legal\/pl\/tarcza-antykryzysowa\/","url":"https:\/\/atm.legal\/pl\/tarcza-antykryzysowa\/","name":"Tarcza antykryzysowa","isPartOf":{"@id":"https:\/\/atm.legal\/pl\/#website"},"primaryImageOfPage":{"@id":"https:\/\/atm.legal\/pl\/tarcza-antykryzysowa\/#primaryimage"},"image":{"@id":"https:\/\/atm.legal\/pl\/tarcza-antykryzysowa\/#primaryimage"},"thumbnailUrl":"https:\/\/atm.legal\/wp-content\/uploads\/2020\/04\/towfiqu-barbhuiya-3aGZ7a97qwA-unsplash-1-1.webp","datePublished":"2020-04-01T13:39:00+00:00","dateModified":"2024-10-03T09:11:12+00:00","breadcrumb":{"@id":"https:\/\/atm.legal\/pl\/tarcza-antykryzysowa\/#breadcrumb"},"inLanguage":"pl-PL","potentialAction":[{"@type":"ReadAction","target":["https:\/\/atm.legal\/pl\/tarcza-antykryzysowa\/"]}]},{"@type":"ImageObject","inLanguage":"pl-PL","@id":"https:\/\/atm.legal\/pl\/tarcza-antykryzysowa\/#primaryimage","url":"https:\/\/atm.legal\/wp-content\/uploads\/2020\/04\/towfiqu-barbhuiya-3aGZ7a97qwA-unsplash-1-1.webp","contentUrl":"https:\/\/atm.legal\/wp-content\/uploads\/2020\/04\/towfiqu-barbhuiya-3aGZ7a97qwA-unsplash-1-1.webp","width":1019,"height":480},{"@type":"BreadcrumbList","@id":"https:\/\/atm.legal\/pl\/tarcza-antykryzysowa\/#breadcrumb","itemListElement":[{"@type":"ListItem","position":1,"name":"Home","item":"https:\/\/atm.legal\/pl\/"},{"@type":"ListItem","position":2,"name":"Tarcza antykryzysowa"}]},{"@type":"WebSite","@id":"https:\/\/atm.legal\/pl\/#website","url":"https:\/\/atm.legal\/pl\/","name":"ATM.LEGAL","description":"","publisher":{"@id":"https:\/\/atm.legal\/pl\/#organization"},"potentialAction":[{"@type":"SearchAction","target":{"@type":"EntryPoint","urlTemplate":"https:\/\/atm.legal\/pl\/?s={search_term_string}"},"query-input":{"@type":"PropertyValueSpecification","valueRequired":true,"valueName":"search_term_string"}}],"inLanguage":"pl-PL"},{"@type":"Organization","@id":"https:\/\/atm.legal\/pl\/#organization","name":"ATM.LEGAL","url":"https:\/\/atm.legal\/pl\/","logo":{"@type":"ImageObject","inLanguage":"pl-PL","@id":"https:\/\/atm.legal\/pl\/#\/schema\/logo\/image\/","url":"https:\/\/atm.legal\/wp-content\/uploads\/2022\/10\/cropped-atm-favicon-lg.png","contentUrl":"https:\/\/atm.legal\/wp-content\/uploads\/2022\/10\/cropped-atm-favicon-lg.png","width":512,"height":512,"caption":"ATM.LEGAL"},"image":{"@id":"https:\/\/atm.legal\/pl\/#\/schema\/logo\/image\/"},"sameAs":["https:\/\/www.linkedin.com\/company\/atmlegal\/","https:\/\/www.linkedin.com\/in\/artur-marcinkowski-atmlegal\/"]},{"@type":"Person","@id":"https:\/\/atm.legal\/pl\/#\/schema\/person\/82aa2125ba0fb898e82f2e042b2a9adc","name":"Artur Marcinkowski","image":{"@type":"ImageObject","inLanguage":"pl-PL","@id":"https:\/\/atm.legal\/pl\/#\/schema\/person\/image\/bd18cc43cd5c61a49fe8800cf2b5ade6","url":"https:\/\/secure.gravatar.com\/avatar\/5cb4559bdaad4c3aa8e16c43b8144fdf57bdb27d44434a9b5e438ca27de4f2dc?s=96&d=mm&r=g","contentUrl":"https:\/\/secure.gravatar.com\/avatar\/5cb4559bdaad4c3aa8e16c43b8144fdf57bdb27d44434a9b5e438ca27de4f2dc?s=96&d=mm&r=g","caption":"Artur Marcinkowski"},"url":"https:\/\/atm.legal\/pl\/author\/marcinkowskiatm-legal\/"}]}},"authors":[{"term_id":103,"user_id":8,"is_guest":0,"slug":"marcinkowskiatm-legal","display_name":"Artur Marcinkowski","avatar_url":"https:\/\/secure.gravatar.com\/avatar\/5cb4559bdaad4c3aa8e16c43b8144fdf57bdb27d44434a9b5e438ca27de4f2dc?s=96&d=mm&r=g","author_category":"","first_name":"Artur","last_name":"Marcinkowski","user_url":"","job_title":"","job_title_2":"","description":""}],"_links":{"self":[{"href":"https:\/\/atm.legal\/pl\/wp-json\/wp\/v2\/posts\/2248","targetHints":{"allow":["GET"]}}],"collection":[{"href":"https:\/\/atm.legal\/pl\/wp-json\/wp\/v2\/posts"}],"about":[{"href":"https:\/\/atm.legal\/pl\/wp-json\/wp\/v2\/types\/post"}],"author":[{"embeddable":true,"href":"https:\/\/atm.legal\/pl\/wp-json\/wp\/v2\/users\/8"}],"replies":[{"embeddable":true,"href":"https:\/\/atm.legal\/pl\/wp-json\/wp\/v2\/comments?post=2248"}],"version-history":[{"count":6,"href":"https:\/\/atm.legal\/pl\/wp-json\/wp\/v2\/posts\/2248\/revisions"}],"predecessor-version":[{"id":2496,"href":"https:\/\/atm.legal\/pl\/wp-json\/wp\/v2\/posts\/2248\/revisions\/2496"}],"wp:featuredmedia":[{"embeddable":true,"href":"https:\/\/atm.legal\/pl\/wp-json\/wp\/v2\/media\/2475"}],"wp:attachment":[{"href":"https:\/\/atm.legal\/pl\/wp-json\/wp\/v2\/media?parent=2248"}],"wp:term":[{"taxonomy":"category","embeddable":true,"href":"https:\/\/atm.legal\/pl\/wp-json\/wp\/v2\/categories?post=2248"},{"taxonomy":"post_tag","embeddable":true,"href":"https:\/\/atm.legal\/pl\/wp-json\/wp\/v2\/tags?post=2248"},{"taxonomy":"author","embeddable":true,"href":"https:\/\/atm.legal\/pl\/wp-json\/wp\/v2\/ppma_author?post=2248"}],"curies":[{"name":"wp","href":"https:\/\/api.w.org\/{rel}","templated":true}]}}