{"id":2279,"date":"2020-04-01T16:02:00","date_gmt":"2020-04-01T14:02:00","guid":{"rendered":"https:\/\/atmlegal.jcd.pl\/?p=2279"},"modified":"2024-10-03T11:11:12","modified_gmt":"2024-10-03T09:11:12","slug":"koronawirus-uderza-w-niemiecki-biznes-w-polsce-polska-tarcza-antykryzysowa","status":"publish","type":"post","link":"https:\/\/atm.legal\/pl\/koronawirus-uderza-w-niemiecki-biznes-w-polsce-polska-tarcza-antykryzysowa\/","title":{"rendered":"Koronawirus uderza w niemiecki biznes w Polsce: Polska tarcza antykryzysowa"},"content":{"rendered":"\n<p>W dniu 1. kwietnia 2020 r. wesz\u0142a w \u017cycie tzw. Tarcza antykryzysowa. W obszernym wpisie na naszym blogu informujemy Pa\u0144stwa o szczeg\u00f3\u0142owych rozwi\u0105zaniach przewidzianych w tarczy antykryzysowej: <a href=\"https:\/\/atm.legal\/pl\/tarcza-antykryzysowa\/\">Link<\/a><\/p>\n","protected":false},"excerpt":{"rendered":"<p>W dniu 1. kwietnia 2020 r. wesz\u0142a w \u017cycie tzw. Tarcza antykryzysowa. W obszernym wpisie na naszym blogu informujemy Pa\u0144stwa o szczeg\u00f3\u0142owych rozwi\u0105zaniach przewidzianych w tarczy antykryzysowej: Link<\/p>\n","protected":false},"author":8,"featured_media":2471,"comment_status":"closed","ping_status":"closed","sticky":false,"template":"","format":"standard","meta":{"_acf_changed":false,"om_disable_all_campaigns":false,"footnotes":""},"categories":[43],"tags":[],"ppma_author":[103],"class_list":["post-2279","post","type-post","status-publish","format-standard","has-post-thumbnail","hentry","category-aktualnosci"],"acf":[],"yoast_head":"<!-- This site is optimized with the Yoast SEO plugin v25.5 - https:\/\/yoast.com\/wordpress\/plugins\/seo\/ -->\n<title>Koronawirus uderza w niemiecki biznes w Polsce: Polska tarcza antykryzysowa<\/title>\n<meta name=\"robots\" content=\"index, follow, max-snippet:-1, max-image-preview:large, max-video-preview:-1\" \/>\n<link rel=\"canonical\" href=\"https:\/\/atm.legal\/pl\/koronawirus-uderza-w-niemiecki-biznes-w-polsce-polska-tarcza-antykryzysowa\/\" \/>\n<meta property=\"og:locale\" content=\"pl_PL\" \/>\n<meta property=\"og:type\" content=\"article\" \/>\n<meta property=\"og:title\" content=\"Koronawirus uderza w niemiecki biznes w Polsce: Polska tarcza antykryzysowa\" \/>\n<meta property=\"og:description\" content=\"W dniu 1. kwietnia 2020 r. wesz\u0142a w \u017cycie tzw. Tarcza antykryzysowa. W obszernym wpisie na naszym blogu informujemy Pa\u0144stwa o szczeg\u00f3\u0142owych rozwi\u0105zaniach przewidzianych w tarczy antykryzysowej: Link\" \/>\n<meta property=\"og:url\" content=\"https:\/\/atm.legal\/pl\/koronawirus-uderza-w-niemiecki-biznes-w-polsce-polska-tarcza-antykryzysowa\/\" \/>\n<meta property=\"og:site_name\" content=\"ATM.LEGAL\" \/>\n<meta property=\"article:published_time\" content=\"2020-04-01T14:02:00+00:00\" \/>\n<meta property=\"article:modified_time\" content=\"2024-10-03T09:11:12+00:00\" \/>\n<meta property=\"og:image\" content=\"https:\/\/atm.legal\/wp-content\/uploads\/2020\/04\/fusion-medical-animation-rnr8D3FNUNY-unsplash-1.webp\" \/>\n\t<meta property=\"og:image:width\" content=\"1019\" \/>\n\t<meta property=\"og:image:height\" content=\"480\" \/>\n\t<meta property=\"og:image:type\" content=\"image\/webp\" \/>\n<meta name=\"author\" content=\"Artur Marcinkowski\" \/>\n<meta name=\"twitter:card\" content=\"summary_large_image\" \/>\n<meta name=\"twitter:label1\" content=\"Napisane przez\" \/>\n\t<meta name=\"twitter:data1\" content=\"Artur Marcinkowski\" \/>\n\t<meta name=\"twitter:label2\" content=\"Szacowany czas czytania\" \/>\n\t<meta name=\"twitter:data2\" content=\"1 minuta\" \/>\n<script type=\"application\/ld+json\" class=\"yoast-schema-graph\">{\"@context\":\"https:\/\/schema.org\",\"@graph\":[{\"@type\":\"Article\",\"@id\":\"https:\/\/atm.legal\/pl\/koronawirus-uderza-w-niemiecki-biznes-w-polsce-polska-tarcza-antykryzysowa\/#article\",\"isPartOf\":{\"@id\":\"https:\/\/atm.legal\/pl\/koronawirus-uderza-w-niemiecki-biznes-w-polsce-polska-tarcza-antykryzysowa\/\"},\"author\":{\"name\":\"Artur Marcinkowski\",\"@id\":\"https:\/\/atm.legal\/pl\/#\/schema\/person\/82aa2125ba0fb898e82f2e042b2a9adc\"},\"headline\":\"Koronawirus uderza w niemiecki biznes w Polsce: Polska tarcza antykryzysowa\",\"datePublished\":\"2020-04-01T14:02:00+00:00\",\"dateModified\":\"2024-10-03T09:11:12+00:00\",\"mainEntityOfPage\":{\"@id\":\"https:\/\/atm.legal\/pl\/koronawirus-uderza-w-niemiecki-biznes-w-polsce-polska-tarcza-antykryzysowa\/\"},\"wordCount\":40,\"publisher\":{\"@id\":\"https:\/\/atm.legal\/pl\/#organization\"},\"image\":{\"@id\":\"https:\/\/atm.legal\/pl\/koronawirus-uderza-w-niemiecki-biznes-w-polsce-polska-tarcza-antykryzysowa\/#primaryimage\"},\"thumbnailUrl\":\"https:\/\/atm.legal\/wp-content\/uploads\/2020\/04\/fusion-medical-animation-rnr8D3FNUNY-unsplash-1.webp\",\"articleSection\":[\"Aktualno\u015bci\"],\"inLanguage\":\"pl-PL\"},{\"@type\":\"WebPage\",\"@id\":\"https:\/\/atm.legal\/pl\/koronawirus-uderza-w-niemiecki-biznes-w-polsce-polska-tarcza-antykryzysowa\/\",\"url\":\"https:\/\/atm.legal\/pl\/koronawirus-uderza-w-niemiecki-biznes-w-polsce-polska-tarcza-antykryzysowa\/\",\"name\":\"Koronawirus uderza w niemiecki biznes w Polsce: Polska tarcza antykryzysowa\",\"isPartOf\":{\"@id\":\"https:\/\/atm.legal\/pl\/#website\"},\"primaryImageOfPage\":{\"@id\":\"https:\/\/atm.legal\/pl\/koronawirus-uderza-w-niemiecki-biznes-w-polsce-polska-tarcza-antykryzysowa\/#primaryimage\"},\"image\":{\"@id\":\"https:\/\/atm.legal\/pl\/koronawirus-uderza-w-niemiecki-biznes-w-polsce-polska-tarcza-antykryzysowa\/#primaryimage\"},\"thumbnailUrl\":\"https:\/\/atm.legal\/wp-content\/uploads\/2020\/04\/fusion-medical-animation-rnr8D3FNUNY-unsplash-1.webp\",\"datePublished\":\"2020-04-01T14:02:00+00:00\",\"dateModified\":\"2024-10-03T09:11:12+00:00\",\"breadcrumb\":{\"@id\":\"https:\/\/atm.legal\/pl\/koronawirus-uderza-w-niemiecki-biznes-w-polsce-polska-tarcza-antykryzysowa\/#breadcrumb\"},\"inLanguage\":\"pl-PL\",\"potentialAction\":[{\"@type\":\"ReadAction\",\"target\":[\"https:\/\/atm.legal\/pl\/koronawirus-uderza-w-niemiecki-biznes-w-polsce-polska-tarcza-antykryzysowa\/\"]}]},{\"@type\":\"ImageObject\",\"inLanguage\":\"pl-PL\",\"@id\":\"https:\/\/atm.legal\/pl\/koronawirus-uderza-w-niemiecki-biznes-w-polsce-polska-tarcza-antykryzysowa\/#primaryimage\",\"url\":\"https:\/\/atm.legal\/wp-content\/uploads\/2020\/04\/fusion-medical-animation-rnr8D3FNUNY-unsplash-1.webp\",\"contentUrl\":\"https:\/\/atm.legal\/wp-content\/uploads\/2020\/04\/fusion-medical-animation-rnr8D3FNUNY-unsplash-1.webp\",\"width\":1019,\"height\":480},{\"@type\":\"BreadcrumbList\",\"@id\":\"https:\/\/atm.legal\/pl\/koronawirus-uderza-w-niemiecki-biznes-w-polsce-polska-tarcza-antykryzysowa\/#breadcrumb\",\"itemListElement\":[{\"@type\":\"ListItem\",\"position\":1,\"name\":\"Home\",\"item\":\"https:\/\/atm.legal\/pl\/\"},{\"@type\":\"ListItem\",\"position\":2,\"name\":\"Koronawirus uderza w niemiecki biznes w Polsce: Polska tarcza antykryzysowa\"}]},{\"@type\":\"WebSite\",\"@id\":\"https:\/\/atm.legal\/pl\/#website\",\"url\":\"https:\/\/atm.legal\/pl\/\",\"name\":\"ATM.LEGAL\",\"description\":\"\",\"publisher\":{\"@id\":\"https:\/\/atm.legal\/pl\/#organization\"},\"potentialAction\":[{\"@type\":\"SearchAction\",\"target\":{\"@type\":\"EntryPoint\",\"urlTemplate\":\"https:\/\/atm.legal\/pl\/?s={search_term_string}\"},\"query-input\":{\"@type\":\"PropertyValueSpecification\",\"valueRequired\":true,\"valueName\":\"search_term_string\"}}],\"inLanguage\":\"pl-PL\"},{\"@type\":\"Organization\",\"@id\":\"https:\/\/atm.legal\/pl\/#organization\",\"name\":\"ATM.LEGAL\",\"url\":\"https:\/\/atm.legal\/pl\/\",\"logo\":{\"@type\":\"ImageObject\",\"inLanguage\":\"pl-PL\",\"@id\":\"https:\/\/atm.legal\/pl\/#\/schema\/logo\/image\/\",\"url\":\"https:\/\/atm.legal\/wp-content\/uploads\/2022\/10\/cropped-atm-favicon-lg.png\",\"contentUrl\":\"https:\/\/atm.legal\/wp-content\/uploads\/2022\/10\/cropped-atm-favicon-lg.png\",\"width\":512,\"height\":512,\"caption\":\"ATM.LEGAL\"},\"image\":{\"@id\":\"https:\/\/atm.legal\/pl\/#\/schema\/logo\/image\/\"},\"sameAs\":[\"https:\/\/www.linkedin.com\/company\/atmlegal\/\",\"https:\/\/www.linkedin.com\/in\/artur-marcinkowski-atmlegal\/\"]},{\"@type\":\"Person\",\"@id\":\"https:\/\/atm.legal\/pl\/#\/schema\/person\/82aa2125ba0fb898e82f2e042b2a9adc\",\"name\":\"Artur Marcinkowski\",\"image\":{\"@type\":\"ImageObject\",\"inLanguage\":\"pl-PL\",\"@id\":\"https:\/\/atm.legal\/pl\/#\/schema\/person\/image\/bd18cc43cd5c61a49fe8800cf2b5ade6\",\"url\":\"https:\/\/secure.gravatar.com\/avatar\/5cb4559bdaad4c3aa8e16c43b8144fdf57bdb27d44434a9b5e438ca27de4f2dc?s=96&d=mm&r=g\",\"contentUrl\":\"https:\/\/secure.gravatar.com\/avatar\/5cb4559bdaad4c3aa8e16c43b8144fdf57bdb27d44434a9b5e438ca27de4f2dc?s=96&d=mm&r=g\",\"caption\":\"Artur Marcinkowski\"},\"url\":\"https:\/\/atm.legal\/pl\/author\/marcinkowskiatm-legal\/\"}]}<\/script>\n<!-- \/ Yoast SEO plugin. -->","yoast_head_json":{"title":"Koronawirus uderza w niemiecki biznes w Polsce: Polska tarcza antykryzysowa","robots":{"index":"index","follow":"follow","max-snippet":"max-snippet:-1","max-image-preview":"max-image-preview:large","max-video-preview":"max-video-preview:-1"},"canonical":"https:\/\/atm.legal\/pl\/koronawirus-uderza-w-niemiecki-biznes-w-polsce-polska-tarcza-antykryzysowa\/","og_locale":"pl_PL","og_type":"article","og_title":"Koronawirus uderza w niemiecki biznes w Polsce: Polska tarcza antykryzysowa","og_description":"W dniu 1. kwietnia 2020 r. wesz\u0142a w \u017cycie tzw. Tarcza antykryzysowa. W obszernym wpisie na naszym blogu informujemy Pa\u0144stwa o szczeg\u00f3\u0142owych rozwi\u0105zaniach przewidzianych w tarczy antykryzysowej: Link","og_url":"https:\/\/atm.legal\/pl\/koronawirus-uderza-w-niemiecki-biznes-w-polsce-polska-tarcza-antykryzysowa\/","og_site_name":"ATM.LEGAL","article_published_time":"2020-04-01T14:02:00+00:00","article_modified_time":"2024-10-03T09:11:12+00:00","og_image":[{"width":1019,"height":480,"url":"https:\/\/atm.legal\/wp-content\/uploads\/2020\/04\/fusion-medical-animation-rnr8D3FNUNY-unsplash-1.webp","type":"image\/webp"}],"author":"Artur Marcinkowski","twitter_card":"summary_large_image","twitter_misc":{"Napisane przez":"Artur Marcinkowski","Szacowany czas czytania":"1 minuta"},"schema":{"@context":"https:\/\/schema.org","@graph":[{"@type":"Article","@id":"https:\/\/atm.legal\/pl\/koronawirus-uderza-w-niemiecki-biznes-w-polsce-polska-tarcza-antykryzysowa\/#article","isPartOf":{"@id":"https:\/\/atm.legal\/pl\/koronawirus-uderza-w-niemiecki-biznes-w-polsce-polska-tarcza-antykryzysowa\/"},"author":{"name":"Artur Marcinkowski","@id":"https:\/\/atm.legal\/pl\/#\/schema\/person\/82aa2125ba0fb898e82f2e042b2a9adc"},"headline":"Koronawirus uderza w niemiecki biznes w Polsce: Polska tarcza antykryzysowa","datePublished":"2020-04-01T14:02:00+00:00","dateModified":"2024-10-03T09:11:12+00:00","mainEntityOfPage":{"@id":"https:\/\/atm.legal\/pl\/koronawirus-uderza-w-niemiecki-biznes-w-polsce-polska-tarcza-antykryzysowa\/"},"wordCount":40,"publisher":{"@id":"https:\/\/atm.legal\/pl\/#organization"},"image":{"@id":"https:\/\/atm.legal\/pl\/koronawirus-uderza-w-niemiecki-biznes-w-polsce-polska-tarcza-antykryzysowa\/#primaryimage"},"thumbnailUrl":"https:\/\/atm.legal\/wp-content\/uploads\/2020\/04\/fusion-medical-animation-rnr8D3FNUNY-unsplash-1.webp","articleSection":["Aktualno\u015bci"],"inLanguage":"pl-PL"},{"@type":"WebPage","@id":"https:\/\/atm.legal\/pl\/koronawirus-uderza-w-niemiecki-biznes-w-polsce-polska-tarcza-antykryzysowa\/","url":"https:\/\/atm.legal\/pl\/koronawirus-uderza-w-niemiecki-biznes-w-polsce-polska-tarcza-antykryzysowa\/","name":"Koronawirus uderza w niemiecki biznes w Polsce: Polska tarcza antykryzysowa","isPartOf":{"@id":"https:\/\/atm.legal\/pl\/#website"},"primaryImageOfPage":{"@id":"https:\/\/atm.legal\/pl\/koronawirus-uderza-w-niemiecki-biznes-w-polsce-polska-tarcza-antykryzysowa\/#primaryimage"},"image":{"@id":"https:\/\/atm.legal\/pl\/koronawirus-uderza-w-niemiecki-biznes-w-polsce-polska-tarcza-antykryzysowa\/#primaryimage"},"thumbnailUrl":"https:\/\/atm.legal\/wp-content\/uploads\/2020\/04\/fusion-medical-animation-rnr8D3FNUNY-unsplash-1.webp","datePublished":"2020-04-01T14:02:00+00:00","dateModified":"2024-10-03T09:11:12+00:00","breadcrumb":{"@id":"https:\/\/atm.legal\/pl\/koronawirus-uderza-w-niemiecki-biznes-w-polsce-polska-tarcza-antykryzysowa\/#breadcrumb"},"inLanguage":"pl-PL","potentialAction":[{"@type":"ReadAction","target":["https:\/\/atm.legal\/pl\/koronawirus-uderza-w-niemiecki-biznes-w-polsce-polska-tarcza-antykryzysowa\/"]}]},{"@type":"ImageObject","inLanguage":"pl-PL","@id":"https:\/\/atm.legal\/pl\/koronawirus-uderza-w-niemiecki-biznes-w-polsce-polska-tarcza-antykryzysowa\/#primaryimage","url":"https:\/\/atm.legal\/wp-content\/uploads\/2020\/04\/fusion-medical-animation-rnr8D3FNUNY-unsplash-1.webp","contentUrl":"https:\/\/atm.legal\/wp-content\/uploads\/2020\/04\/fusion-medical-animation-rnr8D3FNUNY-unsplash-1.webp","width":1019,"height":480},{"@type":"BreadcrumbList","@id":"https:\/\/atm.legal\/pl\/koronawirus-uderza-w-niemiecki-biznes-w-polsce-polska-tarcza-antykryzysowa\/#breadcrumb","itemListElement":[{"@type":"ListItem","position":1,"name":"Home","item":"https:\/\/atm.legal\/pl\/"},{"@type":"ListItem","position":2,"name":"Koronawirus uderza w niemiecki biznes w Polsce: Polska tarcza antykryzysowa"}]},{"@type":"WebSite","@id":"https:\/\/atm.legal\/pl\/#website","url":"https:\/\/atm.legal\/pl\/","name":"ATM.LEGAL","description":"","publisher":{"@id":"https:\/\/atm.legal\/pl\/#organization"},"potentialAction":[{"@type":"SearchAction","target":{"@type":"EntryPoint","urlTemplate":"https:\/\/atm.legal\/pl\/?s={search_term_string}"},"query-input":{"@type":"PropertyValueSpecification","valueRequired":true,"valueName":"search_term_string"}}],"inLanguage":"pl-PL"},{"@type":"Organization","@id":"https:\/\/atm.legal\/pl\/#organization","name":"ATM.LEGAL","url":"https:\/\/atm.legal\/pl\/","logo":{"@type":"ImageObject","inLanguage":"pl-PL","@id":"https:\/\/atm.legal\/pl\/#\/schema\/logo\/image\/","url":"https:\/\/atm.legal\/wp-content\/uploads\/2022\/10\/cropped-atm-favicon-lg.png","contentUrl":"https:\/\/atm.legal\/wp-content\/uploads\/2022\/10\/cropped-atm-favicon-lg.png","width":512,"height":512,"caption":"ATM.LEGAL"},"image":{"@id":"https:\/\/atm.legal\/pl\/#\/schema\/logo\/image\/"},"sameAs":["https:\/\/www.linkedin.com\/company\/atmlegal\/","https:\/\/www.linkedin.com\/in\/artur-marcinkowski-atmlegal\/"]},{"@type":"Person","@id":"https:\/\/atm.legal\/pl\/#\/schema\/person\/82aa2125ba0fb898e82f2e042b2a9adc","name":"Artur Marcinkowski","image":{"@type":"ImageObject","inLanguage":"pl-PL","@id":"https:\/\/atm.legal\/pl\/#\/schema\/person\/image\/bd18cc43cd5c61a49fe8800cf2b5ade6","url":"https:\/\/secure.gravatar.com\/avatar\/5cb4559bdaad4c3aa8e16c43b8144fdf57bdb27d44434a9b5e438ca27de4f2dc?s=96&d=mm&r=g","contentUrl":"https:\/\/secure.gravatar.com\/avatar\/5cb4559bdaad4c3aa8e16c43b8144fdf57bdb27d44434a9b5e438ca27de4f2dc?s=96&d=mm&r=g","caption":"Artur Marcinkowski"},"url":"https:\/\/atm.legal\/pl\/author\/marcinkowskiatm-legal\/"}]}},"authors":[{"term_id":103,"user_id":8,"is_guest":0,"slug":"marcinkowskiatm-legal","display_name":"Artur Marcinkowski","avatar_url":"https:\/\/secure.gravatar.com\/avatar\/5cb4559bdaad4c3aa8e16c43b8144fdf57bdb27d44434a9b5e438ca27de4f2dc?s=96&d=mm&r=g","author_category":"","first_name":"Artur","last_name":"Marcinkowski","user_url":"","job_title":"","job_title_2":"","description":""}],"_links":{"self":[{"href":"https:\/\/atm.legal\/pl\/wp-json\/wp\/v2\/posts\/2279","targetHints":{"allow":["GET"]}}],"collection":[{"href":"https:\/\/atm.legal\/pl\/wp-json\/wp\/v2\/posts"}],"about":[{"href":"https:\/\/atm.legal\/pl\/wp-json\/wp\/v2\/types\/post"}],"author":[{"embeddable":true,"href":"https:\/\/atm.legal\/pl\/wp-json\/wp\/v2\/users\/8"}],"replies":[{"embeddable":true,"href":"https:\/\/atm.legal\/pl\/wp-json\/wp\/v2\/comments?post=2279"}],"version-history":[{"count":1,"href":"https:\/\/atm.legal\/pl\/wp-json\/wp\/v2\/posts\/2279\/revisions"}],"predecessor-version":[{"id":2283,"href":"https:\/\/atm.legal\/pl\/wp-json\/wp\/v2\/posts\/2279\/revisions\/2283"}],"wp:featuredmedia":[{"embeddable":true,"href":"https:\/\/atm.legal\/pl\/wp-json\/wp\/v2\/media\/2471"}],"wp:attachment":[{"href":"https:\/\/atm.legal\/pl\/wp-json\/wp\/v2\/media?parent=2279"}],"wp:term":[{"taxonomy":"category","embeddable":true,"href":"https:\/\/atm.legal\/pl\/wp-json\/wp\/v2\/categories?post=2279"},{"taxonomy":"post_tag","embeddable":true,"href":"https:\/\/atm.legal\/pl\/wp-json\/wp\/v2\/tags?post=2279"},{"taxonomy":"author","embeddable":true,"href":"https:\/\/atm.legal\/pl\/wp-json\/wp\/v2\/ppma_author?post=2279"}],"curies":[{"name":"wp","href":"https:\/\/api.w.org\/{rel}","templated":true}]}}