{"id":2284,"date":"2020-04-19T16:05:00","date_gmt":"2020-04-19T14:05:00","guid":{"rendered":"https:\/\/atmlegal.jcd.pl\/?p=2284"},"modified":"2024-10-03T11:11:11","modified_gmt":"2024-10-03T09:11:11","slug":"tarcza-antykryzysowa-2-0-podstawowe-zalozenia","status":"publish","type":"post","link":"https:\/\/atm.legal\/pl\/tarcza-antykryzysowa-2-0-podstawowe-zalozenia\/","title":{"rendered":"Tarcza Antykryzysowa 2.0. &#8211; Podstawowe za\u0142o\u017cenia"},"content":{"rendered":"\n<p>W dniu 18 kwietnia 2020 r. wesz\u0142a w \u017cycie ustawa o szczeg\u00f3lnych instrumentach wsparcia w zwi\u0105zku z rozprzestrzenianiem si\u0119 wirusa SARS-CoV-2, zwana potocznie tarcz\u0105 2.0., kt\u00f3ra rozszerza zakres wsparcia Pa\u0144stwa na rzecz polskich przedsi\u0119biorc\u00f3w w zwi\u0105zku z pandemi\u0105 koronawirusa.<\/p>\n\n\n\n<p>Co si\u0119 zmieni\u0142o?<\/p>\n\n\n\n<ol class=\"has-text-color wp-block-list\" style=\"color:#676666\"><li>Tarcza 2.0 wprowadza dodatkowe zwolnienie z 50% nieop\u0142aconych sk\u0142adek ZUS na okres 3 miesi\u0119cy wobec przedsi\u0119biorc\u00f3w, kt\u00f3rzy zg\u0142osili od 10 do 49 nowych ubezpieczonych.<\/li><li>\u015awiadczenie postojowe mo\u017ce przys\u0142ugiwa\u0107 3 razy, a nie jedynie raz, jak by\u0142o to przewidziane w Tarczy 1.0.<\/li><li>Bieg terminu do og\u0142oszenia upad\u0142o\u015bci nie rozpoczyna si\u0119, a rozpocz\u0119ty ulega przerwaniu i biegnie na nowo je\u015bli podstawa takiego wniosku powsta\u0142a w trakcie trwania epidemii.<\/li><li>Ustawa przewiduje mo\u017cliwo\u015b\u0107 udzielenia przedsi\u0119biorcom przez Agencj\u0119 Rozwoju Przemys\u0142u S.A. wsparcia w postaci po\u017cyczki, gwarancji lub por\u0119czenia oraz leasingu na warunkach rynkowych.<\/li><li>Przedsi\u0119biorcy prowadz\u0105cy dzia\u0142alno\u015b\u0107 polegaj\u0105c\u0105 na wytwarzaniu lub dostarczaniu \u017cywno\u015bci zostali uprawnieni do zmiany systemu lub rozk\u0142adu czasu pracy, jak r\u00f3wnie\u017c do zobowi\u0105zania pracownika do pozostawania w gotowo\u015bci lub odpoczynku w miejscu wyznaczonym przez pracodawc\u0119.<\/li><li>ZUS mo\u017ce na wniosek d\u0142u\u017cnika odst\u0105pi\u0107 od pobierania odsetek za zw\u0142ok\u0119 w p\u0142atno\u015bci sk\u0142adki.<\/li><\/ol>\n","protected":false},"excerpt":{"rendered":"<p>W dniu 18 kwietnia 2020 r. wesz\u0142a w \u017cycie ustawa o szczeg\u00f3lnych instrumentach wsparcia w zwi\u0105zku z rozprzestrzenianiem si\u0119 wirusa SARS-CoV-2, zwana potocznie tarcz\u0105 2.0., kt\u00f3ra rozszerza zakres wsparcia Pa\u0144stwa na rzecz polskich przedsi\u0119biorc\u00f3w w zwi\u0105zku z pandemi\u0105 koronawirusa. Co si\u0119 zmieni\u0142o? Tarcza 2.0 wprowadza dodatkowe zwolnienie z 50% nieop\u0142aconych sk\u0142adek ZUS na okres 3 [&hellip;]<\/p>\n","protected":false},"author":8,"featured_media":2474,"comment_status":"closed","ping_status":"closed","sticky":false,"template":"","format":"standard","meta":{"_acf_changed":false,"om_disable_all_campaigns":false,"footnotes":""},"categories":[43],"tags":[],"ppma_author":[103],"class_list":["post-2284","post","type-post","status-publish","format-standard","has-post-thumbnail","hentry","category-aktualnosci"],"acf":[],"yoast_head":"<!-- This site is optimized with the Yoast SEO plugin v25.5 - https:\/\/yoast.com\/wordpress\/plugins\/seo\/ -->\n<title>Tarcza Antykryzysowa 2.0. - Podstawowe za\u0142o\u017cenia<\/title>\n<meta name=\"robots\" content=\"index, follow, max-snippet:-1, max-image-preview:large, max-video-preview:-1\" \/>\n<link rel=\"canonical\" href=\"https:\/\/atm.legal\/pl\/tarcza-antykryzysowa-2-0-podstawowe-zalozenia\/\" \/>\n<meta property=\"og:locale\" content=\"pl_PL\" \/>\n<meta property=\"og:type\" content=\"article\" \/>\n<meta property=\"og:title\" content=\"Tarcza Antykryzysowa 2.0. - Podstawowe za\u0142o\u017cenia\" \/>\n<meta property=\"og:description\" content=\"W dniu 18 kwietnia 2020 r. wesz\u0142a w \u017cycie ustawa o szczeg\u00f3lnych instrumentach wsparcia w zwi\u0105zku z rozprzestrzenianiem si\u0119 wirusa SARS-CoV-2, zwana potocznie tarcz\u0105 2.0., kt\u00f3ra rozszerza zakres wsparcia Pa\u0144stwa na rzecz polskich przedsi\u0119biorc\u00f3w w zwi\u0105zku z pandemi\u0105 koronawirusa. Co si\u0119 zmieni\u0142o? Tarcza 2.0 wprowadza dodatkowe zwolnienie z 50% nieop\u0142aconych sk\u0142adek ZUS na okres 3 [&hellip;]\" \/>\n<meta property=\"og:url\" content=\"https:\/\/atm.legal\/pl\/tarcza-antykryzysowa-2-0-podstawowe-zalozenia\/\" \/>\n<meta property=\"og:site_name\" content=\"ATM.LEGAL\" \/>\n<meta property=\"article:published_time\" content=\"2020-04-19T14:05:00+00:00\" \/>\n<meta property=\"article:modified_time\" content=\"2024-10-03T09:11:11+00:00\" \/>\n<meta property=\"og:image\" content=\"https:\/\/atm.legal\/wp-content\/uploads\/2020\/04\/mathieu-stern-1zO4O3Z0UJA-unsplash-1-2.webp\" \/>\n\t<meta property=\"og:image:width\" content=\"1019\" \/>\n\t<meta property=\"og:image:height\" content=\"480\" \/>\n\t<meta property=\"og:image:type\" content=\"image\/webp\" \/>\n<meta name=\"author\" content=\"Artur Marcinkowski\" \/>\n<meta name=\"twitter:card\" content=\"summary_large_image\" \/>\n<meta name=\"twitter:label1\" content=\"Napisane przez\" \/>\n\t<meta name=\"twitter:data1\" content=\"Artur Marcinkowski\" \/>\n\t<meta name=\"twitter:label2\" content=\"Szacowany czas czytania\" \/>\n\t<meta name=\"twitter:data2\" content=\"1 minuta\" \/>\n<script type=\"application\/ld+json\" class=\"yoast-schema-graph\">{\"@context\":\"https:\/\/schema.org\",\"@graph\":[{\"@type\":\"Article\",\"@id\":\"https:\/\/atm.legal\/pl\/tarcza-antykryzysowa-2-0-podstawowe-zalozenia\/#article\",\"isPartOf\":{\"@id\":\"https:\/\/atm.legal\/pl\/tarcza-antykryzysowa-2-0-podstawowe-zalozenia\/\"},\"author\":{\"name\":\"Artur Marcinkowski\",\"@id\":\"https:\/\/atm.legal\/pl\/#\/schema\/person\/82aa2125ba0fb898e82f2e042b2a9adc\"},\"headline\":\"Tarcza Antykryzysowa 2.0. &#8211; Podstawowe za\u0142o\u017cenia\",\"datePublished\":\"2020-04-19T14:05:00+00:00\",\"dateModified\":\"2024-10-03T09:11:11+00:00\",\"mainEntityOfPage\":{\"@id\":\"https:\/\/atm.legal\/pl\/tarcza-antykryzysowa-2-0-podstawowe-zalozenia\/\"},\"wordCount\":223,\"publisher\":{\"@id\":\"https:\/\/atm.legal\/pl\/#organization\"},\"image\":{\"@id\":\"https:\/\/atm.legal\/pl\/tarcza-antykryzysowa-2-0-podstawowe-zalozenia\/#primaryimage\"},\"thumbnailUrl\":\"https:\/\/atm.legal\/wp-content\/uploads\/2020\/04\/mathieu-stern-1zO4O3Z0UJA-unsplash-1-2.webp\",\"articleSection\":[\"Aktualno\u015bci\"],\"inLanguage\":\"pl-PL\"},{\"@type\":\"WebPage\",\"@id\":\"https:\/\/atm.legal\/pl\/tarcza-antykryzysowa-2-0-podstawowe-zalozenia\/\",\"url\":\"https:\/\/atm.legal\/pl\/tarcza-antykryzysowa-2-0-podstawowe-zalozenia\/\",\"name\":\"Tarcza Antykryzysowa 2.0. - Podstawowe za\u0142o\u017cenia\",\"isPartOf\":{\"@id\":\"https:\/\/atm.legal\/pl\/#website\"},\"primaryImageOfPage\":{\"@id\":\"https:\/\/atm.legal\/pl\/tarcza-antykryzysowa-2-0-podstawowe-zalozenia\/#primaryimage\"},\"image\":{\"@id\":\"https:\/\/atm.legal\/pl\/tarcza-antykryzysowa-2-0-podstawowe-zalozenia\/#primaryimage\"},\"thumbnailUrl\":\"https:\/\/atm.legal\/wp-content\/uploads\/2020\/04\/mathieu-stern-1zO4O3Z0UJA-unsplash-1-2.webp\",\"datePublished\":\"2020-04-19T14:05:00+00:00\",\"dateModified\":\"2024-10-03T09:11:11+00:00\",\"breadcrumb\":{\"@id\":\"https:\/\/atm.legal\/pl\/tarcza-antykryzysowa-2-0-podstawowe-zalozenia\/#breadcrumb\"},\"inLanguage\":\"pl-PL\",\"potentialAction\":[{\"@type\":\"ReadAction\",\"target\":[\"https:\/\/atm.legal\/pl\/tarcza-antykryzysowa-2-0-podstawowe-zalozenia\/\"]}]},{\"@type\":\"ImageObject\",\"inLanguage\":\"pl-PL\",\"@id\":\"https:\/\/atm.legal\/pl\/tarcza-antykryzysowa-2-0-podstawowe-zalozenia\/#primaryimage\",\"url\":\"https:\/\/atm.legal\/wp-content\/uploads\/2020\/04\/mathieu-stern-1zO4O3Z0UJA-unsplash-1-2.webp\",\"contentUrl\":\"https:\/\/atm.legal\/wp-content\/uploads\/2020\/04\/mathieu-stern-1zO4O3Z0UJA-unsplash-1-2.webp\",\"width\":1019,\"height\":480},{\"@type\":\"BreadcrumbList\",\"@id\":\"https:\/\/atm.legal\/pl\/tarcza-antykryzysowa-2-0-podstawowe-zalozenia\/#breadcrumb\",\"itemListElement\":[{\"@type\":\"ListItem\",\"position\":1,\"name\":\"Home\",\"item\":\"https:\/\/atm.legal\/pl\/\"},{\"@type\":\"ListItem\",\"position\":2,\"name\":\"Tarcza Antykryzysowa 2.0. &#8211; Podstawowe za\u0142o\u017cenia\"}]},{\"@type\":\"WebSite\",\"@id\":\"https:\/\/atm.legal\/pl\/#website\",\"url\":\"https:\/\/atm.legal\/pl\/\",\"name\":\"ATM.LEGAL\",\"description\":\"\",\"publisher\":{\"@id\":\"https:\/\/atm.legal\/pl\/#organization\"},\"potentialAction\":[{\"@type\":\"SearchAction\",\"target\":{\"@type\":\"EntryPoint\",\"urlTemplate\":\"https:\/\/atm.legal\/pl\/?s={search_term_string}\"},\"query-input\":{\"@type\":\"PropertyValueSpecification\",\"valueRequired\":true,\"valueName\":\"search_term_string\"}}],\"inLanguage\":\"pl-PL\"},{\"@type\":\"Organization\",\"@id\":\"https:\/\/atm.legal\/pl\/#organization\",\"name\":\"ATM.LEGAL\",\"url\":\"https:\/\/atm.legal\/pl\/\",\"logo\":{\"@type\":\"ImageObject\",\"inLanguage\":\"pl-PL\",\"@id\":\"https:\/\/atm.legal\/pl\/#\/schema\/logo\/image\/\",\"url\":\"https:\/\/atm.legal\/wp-content\/uploads\/2022\/10\/cropped-atm-favicon-lg.png\",\"contentUrl\":\"https:\/\/atm.legal\/wp-content\/uploads\/2022\/10\/cropped-atm-favicon-lg.png\",\"width\":512,\"height\":512,\"caption\":\"ATM.LEGAL\"},\"image\":{\"@id\":\"https:\/\/atm.legal\/pl\/#\/schema\/logo\/image\/\"},\"sameAs\":[\"https:\/\/www.linkedin.com\/company\/atmlegal\/\",\"https:\/\/www.linkedin.com\/in\/artur-marcinkowski-atmlegal\/\"]},{\"@type\":\"Person\",\"@id\":\"https:\/\/atm.legal\/pl\/#\/schema\/person\/82aa2125ba0fb898e82f2e042b2a9adc\",\"name\":\"Artur Marcinkowski\",\"image\":{\"@type\":\"ImageObject\",\"inLanguage\":\"pl-PL\",\"@id\":\"https:\/\/atm.legal\/pl\/#\/schema\/person\/image\/bd18cc43cd5c61a49fe8800cf2b5ade6\",\"url\":\"https:\/\/secure.gravatar.com\/avatar\/5cb4559bdaad4c3aa8e16c43b8144fdf57bdb27d44434a9b5e438ca27de4f2dc?s=96&d=mm&r=g\",\"contentUrl\":\"https:\/\/secure.gravatar.com\/avatar\/5cb4559bdaad4c3aa8e16c43b8144fdf57bdb27d44434a9b5e438ca27de4f2dc?s=96&d=mm&r=g\",\"caption\":\"Artur Marcinkowski\"},\"url\":\"https:\/\/atm.legal\/pl\/author\/marcinkowskiatm-legal\/\"}]}<\/script>\n<!-- \/ Yoast SEO plugin. -->","yoast_head_json":{"title":"Tarcza Antykryzysowa 2.0. - Podstawowe za\u0142o\u017cenia","robots":{"index":"index","follow":"follow","max-snippet":"max-snippet:-1","max-image-preview":"max-image-preview:large","max-video-preview":"max-video-preview:-1"},"canonical":"https:\/\/atm.legal\/pl\/tarcza-antykryzysowa-2-0-podstawowe-zalozenia\/","og_locale":"pl_PL","og_type":"article","og_title":"Tarcza Antykryzysowa 2.0. - Podstawowe za\u0142o\u017cenia","og_description":"W dniu 18 kwietnia 2020 r. wesz\u0142a w \u017cycie ustawa o szczeg\u00f3lnych instrumentach wsparcia w zwi\u0105zku z rozprzestrzenianiem si\u0119 wirusa SARS-CoV-2, zwana potocznie tarcz\u0105 2.0., kt\u00f3ra rozszerza zakres wsparcia Pa\u0144stwa na rzecz polskich przedsi\u0119biorc\u00f3w w zwi\u0105zku z pandemi\u0105 koronawirusa. Co si\u0119 zmieni\u0142o? Tarcza 2.0 wprowadza dodatkowe zwolnienie z 50% nieop\u0142aconych sk\u0142adek ZUS na okres 3 [&hellip;]","og_url":"https:\/\/atm.legal\/pl\/tarcza-antykryzysowa-2-0-podstawowe-zalozenia\/","og_site_name":"ATM.LEGAL","article_published_time":"2020-04-19T14:05:00+00:00","article_modified_time":"2024-10-03T09:11:11+00:00","og_image":[{"width":1019,"height":480,"url":"https:\/\/atm.legal\/wp-content\/uploads\/2020\/04\/mathieu-stern-1zO4O3Z0UJA-unsplash-1-2.webp","type":"image\/webp"}],"author":"Artur Marcinkowski","twitter_card":"summary_large_image","twitter_misc":{"Napisane przez":"Artur Marcinkowski","Szacowany czas czytania":"1 minuta"},"schema":{"@context":"https:\/\/schema.org","@graph":[{"@type":"Article","@id":"https:\/\/atm.legal\/pl\/tarcza-antykryzysowa-2-0-podstawowe-zalozenia\/#article","isPartOf":{"@id":"https:\/\/atm.legal\/pl\/tarcza-antykryzysowa-2-0-podstawowe-zalozenia\/"},"author":{"name":"Artur Marcinkowski","@id":"https:\/\/atm.legal\/pl\/#\/schema\/person\/82aa2125ba0fb898e82f2e042b2a9adc"},"headline":"Tarcza Antykryzysowa 2.0. &#8211; Podstawowe za\u0142o\u017cenia","datePublished":"2020-04-19T14:05:00+00:00","dateModified":"2024-10-03T09:11:11+00:00","mainEntityOfPage":{"@id":"https:\/\/atm.legal\/pl\/tarcza-antykryzysowa-2-0-podstawowe-zalozenia\/"},"wordCount":223,"publisher":{"@id":"https:\/\/atm.legal\/pl\/#organization"},"image":{"@id":"https:\/\/atm.legal\/pl\/tarcza-antykryzysowa-2-0-podstawowe-zalozenia\/#primaryimage"},"thumbnailUrl":"https:\/\/atm.legal\/wp-content\/uploads\/2020\/04\/mathieu-stern-1zO4O3Z0UJA-unsplash-1-2.webp","articleSection":["Aktualno\u015bci"],"inLanguage":"pl-PL"},{"@type":"WebPage","@id":"https:\/\/atm.legal\/pl\/tarcza-antykryzysowa-2-0-podstawowe-zalozenia\/","url":"https:\/\/atm.legal\/pl\/tarcza-antykryzysowa-2-0-podstawowe-zalozenia\/","name":"Tarcza Antykryzysowa 2.0. - Podstawowe za\u0142o\u017cenia","isPartOf":{"@id":"https:\/\/atm.legal\/pl\/#website"},"primaryImageOfPage":{"@id":"https:\/\/atm.legal\/pl\/tarcza-antykryzysowa-2-0-podstawowe-zalozenia\/#primaryimage"},"image":{"@id":"https:\/\/atm.legal\/pl\/tarcza-antykryzysowa-2-0-podstawowe-zalozenia\/#primaryimage"},"thumbnailUrl":"https:\/\/atm.legal\/wp-content\/uploads\/2020\/04\/mathieu-stern-1zO4O3Z0UJA-unsplash-1-2.webp","datePublished":"2020-04-19T14:05:00+00:00","dateModified":"2024-10-03T09:11:11+00:00","breadcrumb":{"@id":"https:\/\/atm.legal\/pl\/tarcza-antykryzysowa-2-0-podstawowe-zalozenia\/#breadcrumb"},"inLanguage":"pl-PL","potentialAction":[{"@type":"ReadAction","target":["https:\/\/atm.legal\/pl\/tarcza-antykryzysowa-2-0-podstawowe-zalozenia\/"]}]},{"@type":"ImageObject","inLanguage":"pl-PL","@id":"https:\/\/atm.legal\/pl\/tarcza-antykryzysowa-2-0-podstawowe-zalozenia\/#primaryimage","url":"https:\/\/atm.legal\/wp-content\/uploads\/2020\/04\/mathieu-stern-1zO4O3Z0UJA-unsplash-1-2.webp","contentUrl":"https:\/\/atm.legal\/wp-content\/uploads\/2020\/04\/mathieu-stern-1zO4O3Z0UJA-unsplash-1-2.webp","width":1019,"height":480},{"@type":"BreadcrumbList","@id":"https:\/\/atm.legal\/pl\/tarcza-antykryzysowa-2-0-podstawowe-zalozenia\/#breadcrumb","itemListElement":[{"@type":"ListItem","position":1,"name":"Home","item":"https:\/\/atm.legal\/pl\/"},{"@type":"ListItem","position":2,"name":"Tarcza Antykryzysowa 2.0. &#8211; Podstawowe za\u0142o\u017cenia"}]},{"@type":"WebSite","@id":"https:\/\/atm.legal\/pl\/#website","url":"https:\/\/atm.legal\/pl\/","name":"ATM.LEGAL","description":"","publisher":{"@id":"https:\/\/atm.legal\/pl\/#organization"},"potentialAction":[{"@type":"SearchAction","target":{"@type":"EntryPoint","urlTemplate":"https:\/\/atm.legal\/pl\/?s={search_term_string}"},"query-input":{"@type":"PropertyValueSpecification","valueRequired":true,"valueName":"search_term_string"}}],"inLanguage":"pl-PL"},{"@type":"Organization","@id":"https:\/\/atm.legal\/pl\/#organization","name":"ATM.LEGAL","url":"https:\/\/atm.legal\/pl\/","logo":{"@type":"ImageObject","inLanguage":"pl-PL","@id":"https:\/\/atm.legal\/pl\/#\/schema\/logo\/image\/","url":"https:\/\/atm.legal\/wp-content\/uploads\/2022\/10\/cropped-atm-favicon-lg.png","contentUrl":"https:\/\/atm.legal\/wp-content\/uploads\/2022\/10\/cropped-atm-favicon-lg.png","width":512,"height":512,"caption":"ATM.LEGAL"},"image":{"@id":"https:\/\/atm.legal\/pl\/#\/schema\/logo\/image\/"},"sameAs":["https:\/\/www.linkedin.com\/company\/atmlegal\/","https:\/\/www.linkedin.com\/in\/artur-marcinkowski-atmlegal\/"]},{"@type":"Person","@id":"https:\/\/atm.legal\/pl\/#\/schema\/person\/82aa2125ba0fb898e82f2e042b2a9adc","name":"Artur Marcinkowski","image":{"@type":"ImageObject","inLanguage":"pl-PL","@id":"https:\/\/atm.legal\/pl\/#\/schema\/person\/image\/bd18cc43cd5c61a49fe8800cf2b5ade6","url":"https:\/\/secure.gravatar.com\/avatar\/5cb4559bdaad4c3aa8e16c43b8144fdf57bdb27d44434a9b5e438ca27de4f2dc?s=96&d=mm&r=g","contentUrl":"https:\/\/secure.gravatar.com\/avatar\/5cb4559bdaad4c3aa8e16c43b8144fdf57bdb27d44434a9b5e438ca27de4f2dc?s=96&d=mm&r=g","caption":"Artur Marcinkowski"},"url":"https:\/\/atm.legal\/pl\/author\/marcinkowskiatm-legal\/"}]}},"authors":[{"term_id":103,"user_id":8,"is_guest":0,"slug":"marcinkowskiatm-legal","display_name":"Artur Marcinkowski","avatar_url":"https:\/\/secure.gravatar.com\/avatar\/5cb4559bdaad4c3aa8e16c43b8144fdf57bdb27d44434a9b5e438ca27de4f2dc?s=96&d=mm&r=g","author_category":"","first_name":"Artur","last_name":"Marcinkowski","user_url":"","job_title":"","job_title_2":"","description":""}],"_links":{"self":[{"href":"https:\/\/atm.legal\/pl\/wp-json\/wp\/v2\/posts\/2284","targetHints":{"allow":["GET"]}}],"collection":[{"href":"https:\/\/atm.legal\/pl\/wp-json\/wp\/v2\/posts"}],"about":[{"href":"https:\/\/atm.legal\/pl\/wp-json\/wp\/v2\/types\/post"}],"author":[{"embeddable":true,"href":"https:\/\/atm.legal\/pl\/wp-json\/wp\/v2\/users\/8"}],"replies":[{"embeddable":true,"href":"https:\/\/atm.legal\/pl\/wp-json\/wp\/v2\/comments?post=2284"}],"version-history":[{"count":3,"href":"https:\/\/atm.legal\/pl\/wp-json\/wp\/v2\/posts\/2284\/revisions"}],"predecessor-version":[{"id":2488,"href":"https:\/\/atm.legal\/pl\/wp-json\/wp\/v2\/posts\/2284\/revisions\/2488"}],"wp:featuredmedia":[{"embeddable":true,"href":"https:\/\/atm.legal\/pl\/wp-json\/wp\/v2\/media\/2474"}],"wp:attachment":[{"href":"https:\/\/atm.legal\/pl\/wp-json\/wp\/v2\/media?parent=2284"}],"wp:term":[{"taxonomy":"category","embeddable":true,"href":"https:\/\/atm.legal\/pl\/wp-json\/wp\/v2\/categories?post=2284"},{"taxonomy":"post_tag","embeddable":true,"href":"https:\/\/atm.legal\/pl\/wp-json\/wp\/v2\/tags?post=2284"},{"taxonomy":"author","embeddable":true,"href":"https:\/\/atm.legal\/pl\/wp-json\/wp\/v2\/ppma_author?post=2284"}],"curies":[{"name":"wp","href":"https:\/\/api.w.org\/{rel}","templated":true}]}}