{"id":3058,"date":"2024-12-05T15:25:42","date_gmt":"2024-12-05T14:25:42","guid":{"rendered":"https:\/\/atm.legal\/?p=3058"},"modified":"2024-12-05T15:25:43","modified_gmt":"2024-12-05T14:25:43","slug":"zmiana-pkd-a-obowiazki-przedsiebiorcow","status":"publish","type":"post","link":"https:\/\/atm.legal\/pl\/zmiana-pkd-a-obowiazki-przedsiebiorcow\/","title":{"rendered":"Zmiana PKD a obowi\u0105zki przedsi\u0119biorc\u00f3w"},"content":{"rendered":"\n<p>Z dniem 1 stycznia 2025 r.\u202fzostanie wprowadzona w \u017cycie nowa Polska Klasyfikacji Dzia\u0142alno\u015bci (PKD 2025), kt\u00f3ra zast\u0105pi dotychczasow\u0105 klasyfikacj\u0119 PKD 2007. Nowelizacja klasyfikacji PKD jest konsekwencj\u0105 zmian dokonanych w Statystycznej Klasyfikacji Dzia\u0142alno\u015bci Gospodarczych w Unii Europejskiej (Statistical Classification of Economic Activities in the European Community NACE).&nbsp;<\/p>\n\n\n\n<p>Zmiany og\u0142oszone przez G\u0142\u00f3wny Urz\u0105d Statystyczny (GUS) maj\u0105 na celu:&nbsp;<\/p>\n\n\n\n<ul class=\"wp-block-list\">\n<li>dostosowanie klasyfikacji do potrzeb gospodarczych&nbsp; wszystkich pa\u0144stw Unii Europejskiej,&nbsp;<\/li>\n\n\n\n<li>dostosowanie klasyfikacji do szybko zmieniaj\u0105cych si\u0119 warunk\u00f3w rynkowych, technologicznych oraz spo\u0142ecznych,&nbsp;<\/li>\n\n\n\n<li>uwzgl\u0119dnienie nowych typ\u00f3w dzia\u0142alno\u015bci, kt\u00f3re zyska\u0142y na znaczeniu w ostatnich latach w\u202fpolskiej gospodarce,&nbsp;<\/li>\n\n\n\n<li>odzwierciedlenie aktualnych trend\u00f3w, takich jak rozw\u00f3j gospodarki cyfrowej, obiegowej oraz bio-gospodarki,&nbsp;&nbsp;<\/li>\n\n\n\n<li>zapewnienie zgodno\u015bci polskich statystyk z unijnymi standardami, u\u0142atwiaj\u0105cymi por\u00f3wnywanie danych na poziomie mi\u0119dzynarodowym.&nbsp;<\/li>\n<\/ul>\n\n\n\n<p>Nowa wersja PKD wprowadza kody dla rozwijaj\u0105cych si\u0119 sektor\u00f3w oraz zwi\u0119ksza dok\u0142adno\u015b\u0107 w\u202fopisie tradycyjnych bran\u017c. Zmiany te maj\u0105 na celu u\u0142atwienie firmom lepsze dopasowanie dzia\u0142alno\u015bci do odpowiednich kod\u00f3w, co jest kluczowym elementem dla prawid\u0142owego dzia\u0142ania system\u00f3w takich jak REGON, Krajowy Rejestr S\u0105dowy oraz CEIDG.&nbsp;&nbsp;<\/p>\n\n\n\n<p>W zwi\u0105zku z powy\u017cszym w zaktualizowanej klasyfikacji PKD wprowadza si\u0119 r\u00f3\u017cnorodne zmiany,&nbsp; m. in. :&nbsp;<\/p>\n\n\n\n<ul class=\"wp-block-list\">\n<li>nowe symbole ugrupowa\u0144&nbsp;&nbsp;<\/li>\n\n\n\n<li>nowe podzia\u0142y i agregacje istniej\u0105cych pozycji,&nbsp;<\/li>\n\n\n\n<li>nowe brzmienia istniej\u0105cych grup, co cz\u0119sto wi\u0105\u017ce si\u0119 z modyfikacj\u0105 ich zakresu,&nbsp;<\/li>\n\n\n\n<li>przeniesienie niekt\u00f3rych podklas do innych sekcji, dzia\u0142\u00f3w lub grup,&nbsp;<\/li>\n\n\n\n<li>nowe grupy dla dzia\u0142alno\u015bci, kt\u00f3re wcze\u015bniej nie by\u0142y wyodr\u0119bnione.&nbsp;<\/li>\n<\/ul>\n\n\n\n<h2 class=\"wp-block-heading\">Nowe PKD 2025 a obowi\u0105zki przedsi\u0119biorc\u00f3w&nbsp;<\/h2>\n\n\n\n<p>W zwi\u0105zku z zmianami w PKD przedsi\u0119biorcy b\u0119d\u0105 zobowi\u0105zani przekszta\u0142ci\u0107 sw\u00f3j dotychczasowy kod na ten wynikaj\u0105cy z nowej klasyfikacji PKD 2025. Obecny projekt rozporz\u0105dzenia przewiduje, \u017ce do stosowania nowych kod\u00f3w PKD 2025 zobowi\u0105zane s\u0105 podmioty, kt\u00f3re rozpoczn\u0105 dzia\u0142alno\u015b\u0107 gospodarcz\u0105 oraz te, kt\u00f3re wprowadz\u0105 zmiany w CEIDG (lub innych rejestrach) po wej\u015bciu w \u017cycie przepis\u00f3w dotycz\u0105cych nowych kod\u00f3w.&nbsp;<\/p>\n\n\n\n<p>Przedsi\u0119biorcy, kt\u00f3rzy po wej\u015bciu w \u017cycie nowelizacji nie b\u0119d\u0105 dokonywa\u0107 zmian aktualizacyjnych w\u202fCEIDG, b\u0119d\u0105 mogli korzysta\u0107 z dotychczasowych kod\u00f3w PKD (2007) przez maksymalnie 24 miesi\u0105ce od dnia wej\u015bcia w \u017cycie nowelizacji, tj. do 31 grudnia 2026 roku. Niezale\u017cnie od powy\u017cszego, do dnia 31 grudnia 2026 r. przedsi\u0119biorcy b\u0119d\u0105 mogli samodzielnie dokona\u0107 przeklasyfikowania kodu z PKD 2007 na PKD 2025.&nbsp;&nbsp;<\/p>\n\n\n\n<p>Po up\u0142ywie tego okresu przej\u015bciowego, tj. z dniem 1 stycznia 2027 r., planowane jest wprowadzenie automatycznego przeklasyfikowania podmiot\u00f3w w CEIDG, KRS, w rejestrze REGON oraz innych rejestrach urz\u0119dowych.&nbsp;<\/p>\n\n\n\n<h2 class=\"wp-block-heading\">Podsumowuj\u0105c obecne zapisy projektu Rozporz\u0105dzenia, dotychczasowe kody PKD 2007:&nbsp;<\/h2>\n\n\n\n<ul class=\"wp-block-list\">\n<li>b\u0119d\u0105 mog\u0142y by\u0107 stosowane do ko\u0144ca 2026 roku tylko przez podmioty, kt\u00f3re przed 1 stycznia 2025 roku zosta\u0142y ju\u017c uj\u0119te w rejestrze CEIDG i innych, a po tej dacie nie b\u0119d\u0105 zg\u0142asza\u0142y zmian we wpisie do CEIDG;&nbsp;<\/li>\n<\/ul>\n\n\n\n<ul class=\"wp-block-list\">\n<li>b\u0119d\u0105 mog\u0142y by\u0107 stosowane przez podmioty, kt\u00f3re przed 1 stycznia 2025 roku zosta\u0142y ju\u017c uj\u0119te w rejestrze CEIDG, jednak\u017ce tylko do daty z\u0142o\u017cenia wniosku o zmian\u0119 wpisu w rejestrach;&nbsp;<\/li>\n<\/ul>\n\n\n\n<ul class=\"wp-block-list\">\n<li>nie b\u0119d\u0105 mog\u0142y by\u0107 stosowane przez podmioty rozpoczynaj\u0105ce wykonywanie dzia\u0142alno\u015bci gospodarczej po wej\u015bciu w \u017cycie nowelizacji PKD.&nbsp;<\/li>\n<\/ul>\n\n\n\n<h2 class=\"wp-block-heading\">Jakie dzia\u0142ania powinni rozwa\u017cy\u0107 przedsi\u0119biorcy w zwi\u0105zku z nachodz\u0105c\u0105 nowelizacj\u0105 PKD?&nbsp;<br><\/h2>\n\n\n\n<ul class=\"wp-block-list\">\n<li>zweryfikowa\u0107, czy zg\u0142oszony do KRS kod PKD przewa\u017caj\u0105cej dzia\u0142alno\u015bci mo\u017ce zosta\u0107 automatycznie wykre\u015blony,&nbsp;<\/li>\n<\/ul>\n\n\n\n<ul class=\"wp-block-list\">\n<li>zastanowi\u0107 si\u0119, czy&nbsp; na skutek automatycznej aktualizacji zarejestrowanych w KRS kod\u00f3w PKD, zaktualizowane kody PKD b\u0119d\u0105 adekwatne do prowadzonej przez nich dzia\u0142alno\u015bci,&nbsp;<\/li>\n<\/ul>\n\n\n\n<ul class=\"wp-block-list\">\n<li>przygotowa\u0107 si\u0119 do potencjalnego r\u00f3wnoczesnego stosowania kod\u00f3w PKD 2025 i PKD 2007 w statystyce, ewidencjach i dokumentacji oraz rachunkowo\u015bci w okresie przej\u015bciowym,&nbsp;<\/li>\n<\/ul>\n\n\n\n<ul class=\"wp-block-list\">\n<li>rozwa\u017cy\u0107 mo\u017cliwo\u015b\u0107 aktualizacji zarejestrowanych w KRS kod\u00f3w PKD do standardu PKD 2025,&nbsp;<\/li>\n<\/ul>\n\n\n\n<ul class=\"wp-block-list\">\n<li>w zakresie przedsi\u0119biorc\u00f3w b\u0119d\u0105cych sp\u00f3\u0142kami handlowymi, warto rozwa\u017cy\u0107 zmian\u0119 umowy lub statutu sp\u00f3\u0142ki w zakresie przedmiotu dzia\u0142alno\u015bci i aktualizacj\u0119 jej do standard\u00f3w PKD 2025. Wcze\u015bniejsza zmiana pozwoli unikn\u0105\u0107 w\u0105tpliwo\u015bci co do rzeczywistego przedmiotu dzia\u0142alno\u015bci sp\u00f3\u0142ki.&nbsp;<\/li>\n<\/ul>\n\n\n\n<ul class=\"wp-block-list\">\n<li>Przedsi\u0119biorcy powinni mie\u0107 na uwadze wp\u0142yw zmiany kod\u00f3w PKD na sk\u0142adk\u0119 wypadkow\u0105, kt\u00f3rej wysoko\u015b\u0107 zale\u017cy od kategorii ryzyka przypisanej do dzia\u0142alno\u015bci. Jest to istotny czynnik koszt\u00f3w pracy, kt\u00f3ry wp\u0142ynie na obci\u0105\u017cenia finansowe przedsi\u0119biorstw.&nbsp;&nbsp;<\/li>\n<\/ul>\n\n\n\n<h2 class=\"wp-block-heading\">Przyk\u0142ady planowanych zmian w PKD w zwi\u0105zku z nowelizacj\u0105&nbsp;&nbsp;<\/h2>\n\n\n\n<p>W zwi\u0105zku z nowelizacj\u0105 planowane jest utworzenie nowych grup, tj.:&nbsp;<\/p>\n\n\n\n<ul class=\"wp-block-list\">\n<li>grupy 63.1\u202f obejmuj\u0105cej Dzia\u0142alno\u015b\u0107 us\u0142ugow\u0105 w zakresie infrastruktury obliczeniowej, przetwarzania danych, zarz\u0105dzanie stronami internetowymi (hosting) i dzia\u0142alno\u015bci powi\u0105zane, kt\u00f3ra zawiera pojedyncz\u0105 klas\u0119 63.10 dotycz\u0105c\u0105 Dzia\u0142alno\u015bci us\u0142ugowej w zakresie infrastruktury obliczeniowej, przetwarzania danych, zarz\u0105dzania stronami internetowymi (hosting) i dzia\u0142alno\u015bci powi\u0105zane.&nbsp;<\/li>\n\n\n\n<li>grupy 63.9\u202fobejmuj\u0105cej Dzia\u0142alno\u015b\u0107 portali i wyszukiwarek internetowych oraz pozosta\u0142\u0105 dzia\u0142alno\u015b\u0107 us\u0142ugowa w zakresie informacji, kt\u00f3ra sk\u0142ada si\u0119 z dw\u00f3ch klas: 63.91 \u201eDzia\u0142alno\u015b\u0107 portali i wyszukiwarek internetowych\u201d i 63.92 \u201ePozosta\u0142a dzia\u0142alno\u015b\u0107 us\u0142ugowa w zakresie informacji\u201d (dawniej zaklasyfikowana jako klasa 63.99 \u201ePozosta\u0142a dzia\u0142alno\u015b\u0107 us\u0142ugowa w zakresie informacji, gdzie indziej niesklasyfikowana\u201d).&nbsp;<\/li>\n<\/ul>\n\n\n\n<h2 class=\"wp-block-heading\">Celem odzwierciedlenia rosn\u0105cego znaczenia dzia\u0142alno\u015bci us\u0142ugowej po\u015brednictwa, w ramach nowelizacji utworzone maj\u0105 zosta\u0107 r\u00f3wnie\u017c nowe podklasy:&nbsp;<\/h2>\n\n\n\n<ul class=\"wp-block-list\">\n<li>35.40.Z \u201eDzia\u0142alno\u015b\u0107 broker\u00f3w i agent\u00f3w energii elektrycznej, gazu ziemnego i pozosta\u0142ych paliw gazowych\u201d&nbsp;<\/li>\n<\/ul>\n\n\n\n<ul class=\"wp-block-list\">\n<li>43.60.Z \u201ePo\u015brednictwo w zakresie specjalistycznych us\u0142ug budowlanych\u201d&nbsp;<\/li>\n<\/ul>\n\n\n\n<ul class=\"wp-block-list\">\n<li>47.91.Z \u201ePo\u015brednictwo w sprzeda\u017cy detalicznej niewyspecjalizowanej\u201d&nbsp;<\/li>\n<\/ul>\n\n\n\n<ul class=\"wp-block-list\">\n<li>47.92.Z \u201ePo\u015brednictwo w sprzeda\u017cy detalicznej wyspecjalizowanej\u201d&nbsp;<\/li>\n<\/ul>\n\n\n\n<ul class=\"wp-block-list\">\n<li>52.31.Z \u201ePo\u015brednictwo w transporcie towar\u00f3w\u201d&nbsp;<\/li>\n<\/ul>\n\n\n\n<ul class=\"wp-block-list\">\n<li>52.32.Z \u201ePo\u015brednictwo w transporcie pasa\u017cerskim\u201d&nbsp;<\/li>\n<\/ul>\n\n\n\n<ul class=\"wp-block-list\">\n<li>53.30.Z \u201ePo\u015brednictwo w zakresie dzia\u0142alno\u015bci pocztowej i kurierskiej\u201d&nbsp;<\/li>\n<\/ul>\n\n\n\n<ul class=\"wp-block-list\">\n<li>55.40.Z \u201ePo\u015brednictwo w zakwaterowaniu\u201d&nbsp;<\/li>\n<\/ul>\n\n\n\n<ul class=\"wp-block-list\">\n<li>56.40.Z \u201ePo\u015brednictwo w zakresie dzia\u0142alno\u015bci us\u0142ugowej zwi\u0105zanej z wy\u017cywieniem\u201d&nbsp;<\/li>\n<\/ul>\n\n\n\n<ul class=\"wp-block-list\">\n<li>61.20.Z \u201eDzia\u0142alno\u015b\u0107 w zakresie odsprzeda\u017cy us\u0142ug telekomunikacyjnych oraz po\u015brednictwo w telekomunikacji\u201d&nbsp;<\/li>\n<\/ul>\n\n\n\n<ul class=\"wp-block-list\">\n<li>68.31.Z \u201ePo\u015brednictwo w obrocie nieruchomo\u015bciami\u201d&nbsp;<\/li>\n<\/ul>\n\n\n\n<ul class=\"wp-block-list\">\n<li>74.91.Z \u201eDzia\u0142alno\u015b\u0107 rzecznik\u00f3w patentowych i dzia\u0142alno\u015b\u0107 marketingowa\u201d&nbsp;<\/li>\n<\/ul>\n\n\n\n<ul class=\"wp-block-list\">\n<li>77.51.Z \u201ePo\u015brednictwo w wynajmie i dzier\u017cawie samochod\u00f3w osobowych, samochod\u00f3w kempingowych i przyczep\u201d&nbsp;<\/li>\n<\/ul>\n\n\n\n<ul class=\"wp-block-list\">\n<li>77.52.Z \u201ePo\u015brednictwo w wynajmie i dzier\u017cawie pozosta\u0142ych d\u00f3br materialnych oraz niefinansowych warto\u015bci niematerialnych i prawnych\u201d&nbsp;<\/li>\n<\/ul>\n\n\n\n<ul class=\"wp-block-list\">\n<li>82.40.Z \u201ePo\u015brednictwo w zakresie dzia\u0142alno\u015bci wspomagaj\u0105cej prowadzenie dzia\u0142alno\u015bci gospodarczej, gdzie indziej niesklasyfikowane\u201d&nbsp;<\/li>\n<\/ul>\n\n\n\n<ul class=\"wp-block-list\">\n<li>85.61.Z \u201ePo\u015brednictwo w zakresie prowadzenia kurs\u00f3w i korepetycji\u201d&nbsp;<\/li>\n<\/ul>\n\n\n\n<ul class=\"wp-block-list\">\n<li>86.97.Z \u201ePo\u015brednictwo zwi\u0105zane z dzia\u0142alno\u015bci\u0105 lekarsk\u0105, dentystyczn\u0105 i pozosta\u0142\u0105 dzia\u0142alno\u015bci\u0105 w zakresie opieki zdrowotnej\u201d&nbsp;<\/li>\n<\/ul>\n\n\n\n<ul class=\"wp-block-list\">\n<li>87.91.Z \u201ePo\u015brednictwo w zakresie pomocy spo\u0142ecznej z zakwaterowaniem\u201d&nbsp;<\/li>\n<\/ul>\n\n\n\n<ul class=\"wp-block-list\">\n<li>95.40.Z \u201ePo\u015brednictwo w naprawie i konserwacji komputer\u00f3w, artyku\u0142\u00f3w u\u017cytku osobistego i domowego oraz pojazd\u00f3w silnikowych, w tym motocykli\u201d&nbsp;<\/li>\n<\/ul>\n\n\n\n<ul class=\"wp-block-list\">\n<li>96.40.Z \u201ePo\u015brednictwo w zakresie us\u0142ug indywidualnych\u201d&nbsp;<\/li>\n<\/ul>\n\n\n\n<h2 class=\"wp-block-heading\">Nowelizacja PKD ma na celu r\u00f3wnie\u017c restrukturyzacj\u0119 dzia\u0142u 14 \u201eProdukcja odzie\u017cy\u201d, poprzez usuni\u0119cie grup:&nbsp;<\/h2>\n\n\n\n<ul class=\"wp-block-list\">\n<li>14.1 \u201eProdukcja odzie\u017cy, z wy\u0142\u0105czeniem wyrob\u00f3w futrzarskich\u201d\u202f&nbsp;<\/li>\n<\/ul>\n\n\n\n<ul class=\"wp-block-list\">\n<li>14.2 \u201eProdukcja wyrob\u00f3w futrzarskich\u201d\u202f&nbsp;<\/li>\n<\/ul>\n\n\n\n<ul class=\"wp-block-list\">\n<li>14.3 \u201eProdukcja odzie\u017cy dzianej\u201d&nbsp;<\/li>\n<\/ul>\n\n\n\n<p>oraz zast\u0105pienie ich nowymi grupami:&nbsp;<\/p>\n\n\n\n<ul class=\"wp-block-list\">\n<li>14.1 \u201eProdukcja odzie\u017cy dzianej\u201d\u202f&nbsp;<\/li>\n<\/ul>\n\n\n\n<ul class=\"wp-block-list\">\n<li>14.2 \u201eProdukcja pozosta\u0142ej\u202f odzie\u017cy i dodatk\u00f3w do odzie\u017cy\u201d&nbsp;<\/li>\n<\/ul>\n\n\n\n<p>W zwi\u0105zku z nowelizacj\u0105 PKD ma nast\u0105pi\u0107 r\u00f3wnie\u017c podzia\u0142 klasy 22.23: Produkcja wyrob\u00f3w dla budownictwa z tworzyw sztucznych na nowe klasy:&nbsp;<\/p>\n\n\n\n<ul class=\"wp-block-list\">\n<li>22.23 \u201eProdukcja drzwi i okien z tworzyw sztucznych\u201d&nbsp;<\/li>\n<\/ul>\n\n\n\n<ul class=\"wp-block-list\">\n<li>22.24 \u201eProdukcja wyrob\u00f3w dla budownictwa z tworzyw sztucznych\u201d\u202f&nbsp;<\/li>\n<\/ul>\n\n\n\n<ul class=\"wp-block-list\">\n<li>22.25 \u201eObr\u00f3bka i wyka\u0144czanie produkt\u00f3w z tworzyw sztucznych\u201d&nbsp;<\/li>\n<\/ul>\n\n\n\n<p>Ponadto planowana nowelizacja ma na celu zmian\u0119 sprzeda\u017cy klasyfikowanej wg. asortymentu, a nie kana\u0142u sprzeda\u017cy.&nbsp;<\/p>\n\n\n\n<p>Zaplanowana na 2025 r. nowelizacja PKD mo\u017ce wydawa\u0107 si\u0119 przyt\u0142aczaj\u0105ca, jednak\u017ce maj\u0105c na uwadze a\u017c dwuletni okres przej\u015bciowy jak i planowane wprowadzenie automatycznego przeklasyfikowania podmiot\u00f3w, zmiany nie powinny przysporzy\u0107 przedsi\u0119biorcom znacznego problemu. W przypadku jakichkolwiek pyta\u0144 zwi\u0105zanych z niniejszym tematem zach\u0119camy do kontaktu z kancelari\u0105.&nbsp;<\/p>\n","protected":false},"excerpt":{"rendered":"<p>Z dniem 1 stycznia 2025 r.\u202fzostanie wprowadzona w \u017cycie nowa Polska Klasyfikacji Dzia\u0142alno\u015bci (PKD 2025), kt\u00f3ra zast\u0105pi dotychczasow\u0105 klasyfikacj\u0119 PKD 2007. Nowelizacja klasyfikacji PKD jest konsekwencj\u0105 zmian dokonanych w Statystycznej Klasyfikacji Dzia\u0142alno\u015bci Gospodarczych w Unii Europejskiej (Statistical Classification of Economic Activities in the European Community NACE).&nbsp; Zmiany og\u0142oszone przez G\u0142\u00f3wny Urz\u0105d Statystyczny (GUS) maj\u0105 na [&hellip;]<\/p>\n","protected":false},"author":8,"featured_media":3060,"comment_status":"closed","ping_status":"closed","sticky":false,"template":"","format":"standard","meta":{"_acf_changed":false,"om_disable_all_campaigns":false,"footnotes":""},"categories":[42],"tags":[],"ppma_author":[106],"class_list":["post-3058","post","type-post","status-publish","format-standard","has-post-thumbnail","hentry","category-atm-blog"],"acf":[],"yoast_head":"<!-- This site is optimized with the Yoast SEO plugin v25.5 - https:\/\/yoast.com\/wordpress\/plugins\/seo\/ -->\n<title>Zmiana PKD a obowi\u0105zki przedsi\u0119biorc\u00f3w - ATM.LEGAL<\/title>\n<meta name=\"description\" content=\"Zmiana PKD a obowi\u0105zki przedsi\u0119biorc\u00f3w - ATM.LEGAL\" \/>\n<meta name=\"robots\" content=\"index, follow, max-snippet:-1, max-image-preview:large, max-video-preview:-1\" \/>\n<link rel=\"canonical\" href=\"https:\/\/atm.legal\/pl\/zmiana-pkd-a-obowiazki-przedsiebiorcow\/\" \/>\n<meta property=\"og:locale\" content=\"pl_PL\" \/>\n<meta property=\"og:type\" content=\"article\" \/>\n<meta property=\"og:title\" content=\"Zmiana PKD a obowi\u0105zki przedsi\u0119biorc\u00f3w - ATM.LEGAL\" \/>\n<meta property=\"og:description\" content=\"Zmiana PKD a obowi\u0105zki przedsi\u0119biorc\u00f3w - ATM.LEGAL\" \/>\n<meta property=\"og:url\" content=\"https:\/\/atm.legal\/pl\/zmiana-pkd-a-obowiazki-przedsiebiorcow\/\" \/>\n<meta property=\"og:site_name\" content=\"ATM.LEGAL\" \/>\n<meta property=\"article:published_time\" content=\"2024-12-05T14:25:42+00:00\" \/>\n<meta property=\"article:modified_time\" content=\"2024-12-05T14:25:43+00:00\" \/>\n<meta property=\"og:image\" content=\"https:\/\/atm.legal\/wp-content\/uploads\/2024\/12\/kelly-sikkema-wgcUx0kR1ps-unsplash-scaled.jpg\" \/>\n\t<meta property=\"og:image:width\" content=\"2560\" \/>\n\t<meta property=\"og:image:height\" content=\"1707\" \/>\n\t<meta property=\"og:image:type\" content=\"image\/jpeg\" \/>\n<meta name=\"author\" content=\"Anastazja Stelmach\" \/>\n<meta name=\"twitter:card\" content=\"summary_large_image\" \/>\n<meta name=\"twitter:label1\" content=\"Napisane przez\" \/>\n\t<meta name=\"twitter:data1\" content=\"Artur Marcinkowski\" \/>\n\t<meta name=\"twitter:label2\" content=\"Szacowany czas czytania\" \/>\n\t<meta name=\"twitter:data2\" content=\"7 minut\" \/>\n<script type=\"application\/ld+json\" class=\"yoast-schema-graph\">{\"@context\":\"https:\/\/schema.org\",\"@graph\":[{\"@type\":\"Article\",\"@id\":\"https:\/\/atm.legal\/pl\/zmiana-pkd-a-obowiazki-przedsiebiorcow\/#article\",\"isPartOf\":{\"@id\":\"https:\/\/atm.legal\/pl\/zmiana-pkd-a-obowiazki-przedsiebiorcow\/\"},\"author\":{\"name\":\"Artur Marcinkowski\",\"@id\":\"https:\/\/atm.legal\/pl\/#\/schema\/person\/82aa2125ba0fb898e82f2e042b2a9adc\"},\"headline\":\"Zmiana PKD a obowi\u0105zki przedsi\u0119biorc\u00f3w\",\"datePublished\":\"2024-12-05T14:25:42+00:00\",\"dateModified\":\"2024-12-05T14:25:43+00:00\",\"mainEntityOfPage\":{\"@id\":\"https:\/\/atm.legal\/pl\/zmiana-pkd-a-obowiazki-przedsiebiorcow\/\"},\"wordCount\":1404,\"publisher\":{\"@id\":\"https:\/\/atm.legal\/pl\/#organization\"},\"image\":{\"@id\":\"https:\/\/atm.legal\/pl\/zmiana-pkd-a-obowiazki-przedsiebiorcow\/#primaryimage\"},\"thumbnailUrl\":\"https:\/\/atm.legal\/wp-content\/uploads\/2024\/12\/kelly-sikkema-wgcUx0kR1ps-unsplash-scaled.jpg\",\"articleSection\":[\"ATM.Blog\"],\"inLanguage\":\"pl-PL\"},{\"@type\":\"WebPage\",\"@id\":\"https:\/\/atm.legal\/pl\/zmiana-pkd-a-obowiazki-przedsiebiorcow\/\",\"url\":\"https:\/\/atm.legal\/pl\/zmiana-pkd-a-obowiazki-przedsiebiorcow\/\",\"name\":\"Zmiana PKD a obowi\u0105zki przedsi\u0119biorc\u00f3w - ATM.LEGAL\",\"isPartOf\":{\"@id\":\"https:\/\/atm.legal\/pl\/#website\"},\"primaryImageOfPage\":{\"@id\":\"https:\/\/atm.legal\/pl\/zmiana-pkd-a-obowiazki-przedsiebiorcow\/#primaryimage\"},\"image\":{\"@id\":\"https:\/\/atm.legal\/pl\/zmiana-pkd-a-obowiazki-przedsiebiorcow\/#primaryimage\"},\"thumbnailUrl\":\"https:\/\/atm.legal\/wp-content\/uploads\/2024\/12\/kelly-sikkema-wgcUx0kR1ps-unsplash-scaled.jpg\",\"datePublished\":\"2024-12-05T14:25:42+00:00\",\"dateModified\":\"2024-12-05T14:25:43+00:00\",\"description\":\"Zmiana PKD a obowi\u0105zki przedsi\u0119biorc\u00f3w - ATM.LEGAL\",\"breadcrumb\":{\"@id\":\"https:\/\/atm.legal\/pl\/zmiana-pkd-a-obowiazki-przedsiebiorcow\/#breadcrumb\"},\"inLanguage\":\"pl-PL\",\"potentialAction\":[{\"@type\":\"ReadAction\",\"target\":[\"https:\/\/atm.legal\/pl\/zmiana-pkd-a-obowiazki-przedsiebiorcow\/\"]}]},{\"@type\":\"ImageObject\",\"inLanguage\":\"pl-PL\",\"@id\":\"https:\/\/atm.legal\/pl\/zmiana-pkd-a-obowiazki-przedsiebiorcow\/#primaryimage\",\"url\":\"https:\/\/atm.legal\/wp-content\/uploads\/2024\/12\/kelly-sikkema-wgcUx0kR1ps-unsplash-scaled.jpg\",\"contentUrl\":\"https:\/\/atm.legal\/wp-content\/uploads\/2024\/12\/kelly-sikkema-wgcUx0kR1ps-unsplash-scaled.jpg\",\"width\":2560,\"height\":1707,\"caption\":\"Zmiana PKD a obowi\u0105zki przedsi\u0119biorc\u00f3w\"},{\"@type\":\"BreadcrumbList\",\"@id\":\"https:\/\/atm.legal\/pl\/zmiana-pkd-a-obowiazki-przedsiebiorcow\/#breadcrumb\",\"itemListElement\":[{\"@type\":\"ListItem\",\"position\":1,\"name\":\"Home\",\"item\":\"https:\/\/atm.legal\/pl\/\"},{\"@type\":\"ListItem\",\"position\":2,\"name\":\"Zmiana PKD a obowi\u0105zki przedsi\u0119biorc\u00f3w\"}]},{\"@type\":\"WebSite\",\"@id\":\"https:\/\/atm.legal\/pl\/#website\",\"url\":\"https:\/\/atm.legal\/pl\/\",\"name\":\"ATM.LEGAL\",\"description\":\"\",\"publisher\":{\"@id\":\"https:\/\/atm.legal\/pl\/#organization\"},\"potentialAction\":[{\"@type\":\"SearchAction\",\"target\":{\"@type\":\"EntryPoint\",\"urlTemplate\":\"https:\/\/atm.legal\/pl\/?s={search_term_string}\"},\"query-input\":{\"@type\":\"PropertyValueSpecification\",\"valueRequired\":true,\"valueName\":\"search_term_string\"}}],\"inLanguage\":\"pl-PL\"},{\"@type\":\"Organization\",\"@id\":\"https:\/\/atm.legal\/pl\/#organization\",\"name\":\"ATM.LEGAL\",\"url\":\"https:\/\/atm.legal\/pl\/\",\"logo\":{\"@type\":\"ImageObject\",\"inLanguage\":\"pl-PL\",\"@id\":\"https:\/\/atm.legal\/pl\/#\/schema\/logo\/image\/\",\"url\":\"https:\/\/atm.legal\/wp-content\/uploads\/2022\/10\/cropped-atm-favicon-lg.png\",\"contentUrl\":\"https:\/\/atm.legal\/wp-content\/uploads\/2022\/10\/cropped-atm-favicon-lg.png\",\"width\":512,\"height\":512,\"caption\":\"ATM.LEGAL\"},\"image\":{\"@id\":\"https:\/\/atm.legal\/pl\/#\/schema\/logo\/image\/\"},\"sameAs\":[\"https:\/\/www.linkedin.com\/company\/atmlegal\/\",\"https:\/\/www.linkedin.com\/in\/artur-marcinkowski-atmlegal\/\"]},{\"@type\":\"Person\",\"@id\":\"https:\/\/atm.legal\/pl\/#\/schema\/person\/82aa2125ba0fb898e82f2e042b2a9adc\",\"name\":\"Artur Marcinkowski\",\"image\":{\"@type\":\"ImageObject\",\"inLanguage\":\"pl-PL\",\"@id\":\"https:\/\/atm.legal\/pl\/#\/schema\/person\/image\/bd18cc43cd5c61a49fe8800cf2b5ade6\",\"url\":\"https:\/\/secure.gravatar.com\/avatar\/5cb4559bdaad4c3aa8e16c43b8144fdf57bdb27d44434a9b5e438ca27de4f2dc?s=96&d=mm&r=g\",\"contentUrl\":\"https:\/\/secure.gravatar.com\/avatar\/5cb4559bdaad4c3aa8e16c43b8144fdf57bdb27d44434a9b5e438ca27de4f2dc?s=96&d=mm&r=g\",\"caption\":\"Artur Marcinkowski\"},\"url\":\"https:\/\/atm.legal\/pl\/author\/marcinkowskiatm-legal\/\"}]}<\/script>\n<!-- \/ Yoast SEO plugin. -->","yoast_head_json":{"title":"Zmiana PKD a obowi\u0105zki przedsi\u0119biorc\u00f3w - ATM.LEGAL","description":"Zmiana PKD a obowi\u0105zki przedsi\u0119biorc\u00f3w - ATM.LEGAL","robots":{"index":"index","follow":"follow","max-snippet":"max-snippet:-1","max-image-preview":"max-image-preview:large","max-video-preview":"max-video-preview:-1"},"canonical":"https:\/\/atm.legal\/pl\/zmiana-pkd-a-obowiazki-przedsiebiorcow\/","og_locale":"pl_PL","og_type":"article","og_title":"Zmiana PKD a obowi\u0105zki przedsi\u0119biorc\u00f3w - ATM.LEGAL","og_description":"Zmiana PKD a obowi\u0105zki przedsi\u0119biorc\u00f3w - ATM.LEGAL","og_url":"https:\/\/atm.legal\/pl\/zmiana-pkd-a-obowiazki-przedsiebiorcow\/","og_site_name":"ATM.LEGAL","article_published_time":"2024-12-05T14:25:42+00:00","article_modified_time":"2024-12-05T14:25:43+00:00","og_image":[{"width":2560,"height":1707,"url":"https:\/\/atm.legal\/wp-content\/uploads\/2024\/12\/kelly-sikkema-wgcUx0kR1ps-unsplash-scaled.jpg","type":"image\/jpeg"}],"author":"Anastazja Stelmach","twitter_card":"summary_large_image","twitter_misc":{"Napisane przez":"Artur Marcinkowski","Szacowany czas czytania":"7 minut"},"schema":{"@context":"https:\/\/schema.org","@graph":[{"@type":"Article","@id":"https:\/\/atm.legal\/pl\/zmiana-pkd-a-obowiazki-przedsiebiorcow\/#article","isPartOf":{"@id":"https:\/\/atm.legal\/pl\/zmiana-pkd-a-obowiazki-przedsiebiorcow\/"},"author":{"name":"Artur Marcinkowski","@id":"https:\/\/atm.legal\/pl\/#\/schema\/person\/82aa2125ba0fb898e82f2e042b2a9adc"},"headline":"Zmiana PKD a obowi\u0105zki przedsi\u0119biorc\u00f3w","datePublished":"2024-12-05T14:25:42+00:00","dateModified":"2024-12-05T14:25:43+00:00","mainEntityOfPage":{"@id":"https:\/\/atm.legal\/pl\/zmiana-pkd-a-obowiazki-przedsiebiorcow\/"},"wordCount":1404,"publisher":{"@id":"https:\/\/atm.legal\/pl\/#organization"},"image":{"@id":"https:\/\/atm.legal\/pl\/zmiana-pkd-a-obowiazki-przedsiebiorcow\/#primaryimage"},"thumbnailUrl":"https:\/\/atm.legal\/wp-content\/uploads\/2024\/12\/kelly-sikkema-wgcUx0kR1ps-unsplash-scaled.jpg","articleSection":["ATM.Blog"],"inLanguage":"pl-PL"},{"@type":"WebPage","@id":"https:\/\/atm.legal\/pl\/zmiana-pkd-a-obowiazki-przedsiebiorcow\/","url":"https:\/\/atm.legal\/pl\/zmiana-pkd-a-obowiazki-przedsiebiorcow\/","name":"Zmiana PKD a obowi\u0105zki przedsi\u0119biorc\u00f3w - ATM.LEGAL","isPartOf":{"@id":"https:\/\/atm.legal\/pl\/#website"},"primaryImageOfPage":{"@id":"https:\/\/atm.legal\/pl\/zmiana-pkd-a-obowiazki-przedsiebiorcow\/#primaryimage"},"image":{"@id":"https:\/\/atm.legal\/pl\/zmiana-pkd-a-obowiazki-przedsiebiorcow\/#primaryimage"},"thumbnailUrl":"https:\/\/atm.legal\/wp-content\/uploads\/2024\/12\/kelly-sikkema-wgcUx0kR1ps-unsplash-scaled.jpg","datePublished":"2024-12-05T14:25:42+00:00","dateModified":"2024-12-05T14:25:43+00:00","description":"Zmiana PKD a obowi\u0105zki przedsi\u0119biorc\u00f3w - ATM.LEGAL","breadcrumb":{"@id":"https:\/\/atm.legal\/pl\/zmiana-pkd-a-obowiazki-przedsiebiorcow\/#breadcrumb"},"inLanguage":"pl-PL","potentialAction":[{"@type":"ReadAction","target":["https:\/\/atm.legal\/pl\/zmiana-pkd-a-obowiazki-przedsiebiorcow\/"]}]},{"@type":"ImageObject","inLanguage":"pl-PL","@id":"https:\/\/atm.legal\/pl\/zmiana-pkd-a-obowiazki-przedsiebiorcow\/#primaryimage","url":"https:\/\/atm.legal\/wp-content\/uploads\/2024\/12\/kelly-sikkema-wgcUx0kR1ps-unsplash-scaled.jpg","contentUrl":"https:\/\/atm.legal\/wp-content\/uploads\/2024\/12\/kelly-sikkema-wgcUx0kR1ps-unsplash-scaled.jpg","width":2560,"height":1707,"caption":"Zmiana PKD a obowi\u0105zki przedsi\u0119biorc\u00f3w"},{"@type":"BreadcrumbList","@id":"https:\/\/atm.legal\/pl\/zmiana-pkd-a-obowiazki-przedsiebiorcow\/#breadcrumb","itemListElement":[{"@type":"ListItem","position":1,"name":"Home","item":"https:\/\/atm.legal\/pl\/"},{"@type":"ListItem","position":2,"name":"Zmiana PKD a obowi\u0105zki przedsi\u0119biorc\u00f3w"}]},{"@type":"WebSite","@id":"https:\/\/atm.legal\/pl\/#website","url":"https:\/\/atm.legal\/pl\/","name":"ATM.LEGAL","description":"","publisher":{"@id":"https:\/\/atm.legal\/pl\/#organization"},"potentialAction":[{"@type":"SearchAction","target":{"@type":"EntryPoint","urlTemplate":"https:\/\/atm.legal\/pl\/?s={search_term_string}"},"query-input":{"@type":"PropertyValueSpecification","valueRequired":true,"valueName":"search_term_string"}}],"inLanguage":"pl-PL"},{"@type":"Organization","@id":"https:\/\/atm.legal\/pl\/#organization","name":"ATM.LEGAL","url":"https:\/\/atm.legal\/pl\/","logo":{"@type":"ImageObject","inLanguage":"pl-PL","@id":"https:\/\/atm.legal\/pl\/#\/schema\/logo\/image\/","url":"https:\/\/atm.legal\/wp-content\/uploads\/2022\/10\/cropped-atm-favicon-lg.png","contentUrl":"https:\/\/atm.legal\/wp-content\/uploads\/2022\/10\/cropped-atm-favicon-lg.png","width":512,"height":512,"caption":"ATM.LEGAL"},"image":{"@id":"https:\/\/atm.legal\/pl\/#\/schema\/logo\/image\/"},"sameAs":["https:\/\/www.linkedin.com\/company\/atmlegal\/","https:\/\/www.linkedin.com\/in\/artur-marcinkowski-atmlegal\/"]},{"@type":"Person","@id":"https:\/\/atm.legal\/pl\/#\/schema\/person\/82aa2125ba0fb898e82f2e042b2a9adc","name":"Artur Marcinkowski","image":{"@type":"ImageObject","inLanguage":"pl-PL","@id":"https:\/\/atm.legal\/pl\/#\/schema\/person\/image\/bd18cc43cd5c61a49fe8800cf2b5ade6","url":"https:\/\/secure.gravatar.com\/avatar\/5cb4559bdaad4c3aa8e16c43b8144fdf57bdb27d44434a9b5e438ca27de4f2dc?s=96&d=mm&r=g","contentUrl":"https:\/\/secure.gravatar.com\/avatar\/5cb4559bdaad4c3aa8e16c43b8144fdf57bdb27d44434a9b5e438ca27de4f2dc?s=96&d=mm&r=g","caption":"Artur Marcinkowski"},"url":"https:\/\/atm.legal\/pl\/author\/marcinkowskiatm-legal\/"}]}},"authors":[{"term_id":106,"user_id":0,"is_guest":1,"slug":"anastazja-stelmach","display_name":"Anastazja Stelmach","avatar_url":"https:\/\/secure.gravatar.com\/avatar\/?s=96&d=mm&r=g","author_category":"","first_name":"","last_name":"","user_url":"","job_title":"","job_title_2":"","description":""}],"_links":{"self":[{"href":"https:\/\/atm.legal\/pl\/wp-json\/wp\/v2\/posts\/3058","targetHints":{"allow":["GET"]}}],"collection":[{"href":"https:\/\/atm.legal\/pl\/wp-json\/wp\/v2\/posts"}],"about":[{"href":"https:\/\/atm.legal\/pl\/wp-json\/wp\/v2\/types\/post"}],"author":[{"embeddable":true,"href":"https:\/\/atm.legal\/pl\/wp-json\/wp\/v2\/users\/8"}],"replies":[{"embeddable":true,"href":"https:\/\/atm.legal\/pl\/wp-json\/wp\/v2\/comments?post=3058"}],"version-history":[{"count":3,"href":"https:\/\/atm.legal\/pl\/wp-json\/wp\/v2\/posts\/3058\/revisions"}],"predecessor-version":[{"id":3066,"href":"https:\/\/atm.legal\/pl\/wp-json\/wp\/v2\/posts\/3058\/revisions\/3066"}],"wp:featuredmedia":[{"embeddable":true,"href":"https:\/\/atm.legal\/pl\/wp-json\/wp\/v2\/media\/3060"}],"wp:attachment":[{"href":"https:\/\/atm.legal\/pl\/wp-json\/wp\/v2\/media?parent=3058"}],"wp:term":[{"taxonomy":"category","embeddable":true,"href":"https:\/\/atm.legal\/pl\/wp-json\/wp\/v2\/categories?post=3058"},{"taxonomy":"post_tag","embeddable":true,"href":"https:\/\/atm.legal\/pl\/wp-json\/wp\/v2\/tags?post=3058"},{"taxonomy":"author","embeddable":true,"href":"https:\/\/atm.legal\/pl\/wp-json\/wp\/v2\/ppma_author?post=3058"}],"curies":[{"name":"wp","href":"https:\/\/api.w.org\/{rel}","templated":true}]}}