{"id":3069,"date":"2024-12-20T11:48:45","date_gmt":"2024-12-20T10:48:45","guid":{"rendered":"https:\/\/atm.legal\/?p=3069"},"modified":"2024-12-20T12:02:46","modified_gmt":"2024-12-20T11:02:46","slug":"transformacja-energetyczna-w-polsce-wyzwania-zwiazane-z-brakiem-mocy-przylaczeniowych","status":"publish","type":"post","link":"https:\/\/atm.legal\/pl\/transformacja-energetyczna-w-polsce-wyzwania-zwiazane-z-brakiem-mocy-przylaczeniowych\/","title":{"rendered":"Transformacja energetyczna w Polsce wymaga dzia\u0142ania\u00a0\u00a0"},"content":{"rendered":"\n<p>Odnawialne \u017ar\u00f3d\u0142a energii (\u201eOZE\u201d) stanowi\u0105 fundament transformacji energetycznej, kt\u00f3rej celem jest osi\u0105gni\u0119cie neutralno\u015bci klimatycznej i ograniczenie emisji gaz\u00f3w cieplarnianych. W kontek\u015bcie Unii Europejskiej OZE s\u0105 centralnym elementem strategii zawartych w\u202fEuropejskim Zielonym \u0141adzie, kt\u00f3ry wyznacza ambitne cele zwi\u0105zane z dekarbonizacj\u0105 gospodarki. Polska, b\u0119d\u0105c cz\u0119\u015bci\u0105 tego procesu, intensyfikuje swoje dzia\u0142ania w zakresie zwi\u0119kszania udzia\u0142u energii odnawialnej w krajowym miksie energetycznym. Rozw\u00f3j OZE w\u202fPolsce napotyka na barier\u0119 w postaci ograniczonej dost\u0119pno\u015bci mocy przy\u0142\u0105czeniowych w\u202fsieci elektroenergetycznej. Problem ten ma charakter systemowy i wieloaspektowy, wp\u0142ywaj\u0105c zar\u00f3wno na tempo realizacji nowych inwestycji, jak i na mo\u017cliwo\u015bci pe\u0142nego wykorzystania potencja\u0142u ju\u017c istniej\u0105cych instalacji. Kryzys w zakresie przy\u0142\u0105cze\u0144 do sieci stanowi powa\u017cne zagro\u017cenie nie tylko dla polskiej polityki energetycznej, ale r\u00f3wnie\u017c dla jej pozycji w kontek\u015bcie transformacji energetycznej. Polska nie pozostaje bierna i podejmuje realne dzia\u0142ania ukierunkowane na zwi\u0119kszenie przepustowo\u015bci sieci. Modernizacja sieci, nowe regulacje prawne oraz wsparcie dla magazynowania energii to tylko niekt\u00f3re dzia\u0142ania podejmowane, aby sprosta\u0107 temu wyzwaniu i otworzy\u0107 drog\u0119 dla dalszego rozwoju energetycznego Polski.&nbsp;&nbsp;<\/p>\n\n\n\n<h2 class=\"wp-block-heading\">Wzrost odm\u00f3w przy\u0142\u0105cze\u0144 do sieci elektroenergetycznej w Polsce&nbsp;<\/h2>\n\n\n\n<p>Skala problemu z odmowami przy\u0142\u0105cze\u0144 do sieci elektroenergetycznej w Polsce jest coraz bardziej niepokoj\u0105ca. W ci\u0105gu zaledwie czterech lat (na przestrzeni lat 2019-2022) operatorzy system\u00f3w dystrybucyjnych zg\u0142osili do Urz\u0119du Regulacji Energetyki (\u201eURE\u201d) a\u017c 12.572 przypadki odm\u00f3w wydania warunk\u00f3w przy\u0142\u0105czenia instalacji, obejmuj\u0105cych \u0142\u0105czn\u0105 moc ponad 77 GW. Co wi\u0119cej, w samym 2023 r. liczba odm\u00f3w wzros\u0142a \u2013 operatorzy odrzucili 7.448 wniosk\u00f3w o przy\u0142\u0105czenie nowych \u017ar\u00f3de\u0142 energii, kt\u00f3rych \u0142\u0105czna moc przekracza\u0142a 83 GW, co wynika z rocznego podsumowania opublikowanego przez URE. Eksperci oceniaj\u0105, \u017ce zjawisko to ro\u015bnie w zatrwa\u017caj\u0105cym tempie.&nbsp;<\/p>\n\n\n\n<p>Co wi\u0119cej, prognozy operator\u00f3w system\u00f3w dystrybucyjnych pokazuj\u0105, \u017ce problem b\u0119dzie si\u0119 pog\u0142\u0119bia\u0107. Plany dost\u0119pnych mocy przy\u0142\u0105czeniowych na 2025 r. zosta\u0142y w ci\u0105gu roku skorygowane z 7 GW do zaledwie 4,2 GW. To wyra\u017any sygna\u0142, \u017ce stan polskiej sieci elektroenergetycznej pogarsza si\u0119, a jej wydolno\u015b\u0107 spada \u2013 zauwa\u017ca Instytut Energetyki Odnawialnej, podkre\u015blaj\u0105c piln\u0105 potrzeb\u0119 modernizacji infrastruktury.&nbsp;&nbsp;<\/p>\n\n\n\n<p>W tym kontek\u015bcie na nieco inny aspekt problemu zwr\u00f3ci\u0142 uwag\u0119 Tauron Dystrybucja S.A., kt\u00f3ry w swoich raportach do URE wskaza\u0142, \u017ce dost\u0119pne moce przy\u0142\u0105czeniowe bywaj\u0105 blokowane przez podmioty wyst\u0119puj\u0105ce o wydanie warunk\u00f3w przy\u0142\u0105czenia, mimo \u017ce nie planuj\u0105 one rzeczywistej budowy instalacji wytw\u00f3rczej. Takie dzia\u0142ania dodatkowo obci\u0105\u017caj\u0105 system i ograniczaj\u0105 mo\u017cliwo\u015b\u0107 przy\u0142\u0105czania realnych projekt\u00f3w OZE.&nbsp;<\/p>\n\n\n\n<h2 class=\"wp-block-heading\">Przeszkody techniczne i administracyjne na drodze do transformacji&nbsp;<\/h2>\n\n\n\n<p>Jednym z najwa\u017cniejszych powod\u00f3w problem\u00f3w z przy\u0142\u0105czaniem nowych instalacji jest przestarza\u0142a infrastruktura energetyczna. Sie\u0107 elektroenergetyczna w Polsce, w du\u017cej mierze zbudowana w drugiej po\u0142owie XX wieku, jest przeci\u0105\u017cona i nieprzystosowana do obs\u0142ugi dynamicznie rosn\u0105cej liczby odnawialnych \u017ar\u00f3de\u0142 energii. Linie przesy\u0142owe i transformatory, kt\u00f3re maj\u0105 ponad 30\u201340 lat, coraz cz\u0119\u015bciej zawodz\u0105 pod naporem zwi\u0119kszonego obci\u0105\u017cenia, co prowadzi do awarii oraz lokalnych ogranicze\u0144 przesy\u0142owych. Sytuacj\u0119 dodatkowo pogarsza nier\u00f3wnomierne rozmieszczenie instalacji OZE \u2013 farmy wiatrowe koncentruj\u0105 si\u0119 na p\u00f3\u0142nocy kraju, a projekty fotowoltaiczne w po\u0142udniowej Polsce, co wywo\u0142uje lokalne przeci\u0105\u017cenia. Tymczasem sie\u0107, zamiast by\u0107 modernizowana i rozbudowywana, pozostaje w du\u017cej mierze dostosowana jedynie do obs\u0142ugi odbiorc\u00f3w ko\u0144cowych, ignoruj\u0105c rosn\u0105c\u0105 liczb\u0119 wniosk\u00f3w o\u202fprzy\u0142\u0105czenie nowych \u017ar\u00f3de\u0142 energii. Takie podej\u015bcie operator\u00f3w stoi w sprzeczno\u015bci z\u202fzapisami ustawy Prawo energetyczne, kt\u00f3ra zobowi\u0105zuje ich do budowy i modernizacji sieci tak\u017ce z my\u015bl\u0105 o nowych \u017ar\u00f3d\u0142ach energii.&nbsp;<\/p>\n\n\n\n<p>Nie mniej istotne s\u0105 bariery administracyjne, kt\u00f3re znacz\u0105co spowalniaj\u0105 rozw\u00f3j sektora OZE. Jednym z przyk\u0142ad\u00f3w s\u0105 bezprawne odmowy przy\u0142\u0105cze\u0144, motywowane hipotetycznymi ograniczeniami w przysz\u0142o\u015bci, na przyk\u0142ad zwi\u0105zanymi z rezerwacj\u0105 mocy dla planowanych morskich farm wiatrowych. Dzia\u0142ania te naruszaj\u0105 unijne zasady funkcjonowania wewn\u0119trznego rynku energii, a tak\u017ce prawa inwestor\u00f3w do r\u00f3wnego dost\u0119pu do sieci. Kolejnym problemem jest brak transparentno\u015bci \u2013 operatorzy cz\u0119sto odmawiaj\u0105 przy\u0142\u0105czenia, nie podaj\u0105c inwestorom szczeg\u00f3\u0142owych przyczyn, ani nie informuj\u0105c ich o warunkach koniecznych prac modernizacyjnych. Procedura oparta na obraniu za kryterium szybko\u015bci z\u0142o\u017cenia wniosku teoretycznie premiuje sprawno\u015b\u0107 dzia\u0142ania inwestor\u00f3w, ale w praktyce prowadzi do licznych nieprawid\u0142owo\u015bci. Wnioski bywaj\u0105 odrzucane z b\u0142ahych powod\u00f3w, co powoduje, \u017ce projekty s\u0105 celowo przesuwane do rozpatrzenia w p\u00f3\u017aniejszym terminie. Brak jasno okre\u015blonych lokalizacji z dost\u0119pnymi mocami przy\u0142\u0105czeniowymi oraz d\u0142ugi czas oczekiwania na odpowiedzi od operator\u00f3w dodatkowo zniech\u0119caj\u0105 do inwestycji. Wobec opisanej powy\u017cej praktyki w grudniu 2024 r. Urz\u0105d Ochrony Konkurencji i Konsument\u00f3w wszcz\u0105\u0142 post\u0119powanie wobec jednej z wiod\u0105cych sp\u00f3\u0142ek energetycznych w Polsce, kt\u00f3ra w ocenie Urz\u0119du mog\u0142a potencjalnie nadu\u017cy\u0107 pozycji dominuj\u0105cej na rynku energii odnawialnej w Polsce.&nbsp;<\/p>\n\n\n\n<p>Problemy techniczne i proceduralne maj\u0105 r\u00f3wnie\u017c bezpo\u015bredni wp\u0142yw na dzia\u0142anie ju\u017c istniej\u0105cych instalacji. Zbyt ma\u0142a przepustowo\u015b\u0107 sieci powoduje, \u017ce w okresach wysokiej produkcji energii z OZE, na przyk\u0142ad w s\u0142oneczne dni, operatorzy s\u0105 zmuszeni ogranicza\u0107 prac\u0119 dzia\u0142aj\u0105cych farm fotowoltaicznych. Rozwi\u0105zanie tego problemu gwarantuj\u0105 z kolei magazyny energii, kt\u00f3rych rola i funkcje zosta\u0142y om\u00f3wione w ramach publikacji:&nbsp;&nbsp;<\/p>\n\n\n\n<figure class=\"wp-block-embed is-type-wp-embed is-provider-atm-legal wp-block-embed-atm-legal\"><div class=\"wp-block-embed__wrapper\">\n<blockquote class=\"wp-embedded-content\" data-secret=\"MJgGslE11e\"><a href=\"https:\/\/atm.legal\/pl\/stabilnosc-energetyczna-polski\/\">Stabilno\u015b\u0107 energetyczna Polski &#8211; rola magazyn\u00f3w energii w zaspokajaniu potrzeb rynku\u00a0<\/a><\/blockquote><iframe class=\"wp-embedded-content\" sandbox=\"allow-scripts\" security=\"restricted\" style=\"position: absolute; visibility: hidden;\" title=\"&#8222;Stabilno\u015b\u0107 energetyczna Polski &#8211; rola magazyn\u00f3w energii w zaspokajaniu potrzeb rynku\u00a0&#8221; &#8212; ATM.LEGAL\" src=\"https:\/\/atm.legal\/pl\/stabilnosc-energetyczna-polski\/embed\/#?secret=zSkqeQepp6#?secret=MJgGslE11e\" data-secret=\"MJgGslE11e\" width=\"600\" height=\"338\" frameborder=\"0\" marginwidth=\"0\" marginheight=\"0\" scrolling=\"no\"><\/iframe>\n<\/div><\/figure>\n\n\n\n<p>Obecna sytuacja, w kt\u00f3rej Polska zmaga si\u0119 z brakiem dostatecznej infrastruktury oraz problemami administracyjnymi, stanowi powa\u017cne zagro\u017cenie dla realizacji cel\u00f3w klimatycznych i rozwoju sektora OZE. Wiele warto\u015bciowych projekt\u00f3w nie jest realizowanych z powodu blokowania dost\u0119pnych mocy przy\u0142\u0105czeniowych przez inwestor\u00f3w rezerwuj\u0105cych te moce, ale niefinalizuj\u0105cych swoich inwestycji. Eksperci podkre\u015blaj\u0105, \u017ce transformacja energetyczna wymaga pilnych dzia\u0142a\u0144 na wielu poziomach. Konieczne jest zwi\u0119kszenie transparentno\u015bci decyzji przy\u0142\u0105czeniowych oraz zapewnienie inwestorom dost\u0119pu do informacji o planach rozbudowy sieci. Modernizacja infrastruktury, w tym budowa nowych linii przesy\u0142owych i stacji transformatorowych, musi sta\u0107 si\u0119 w tym zakresie priorytetem.&nbsp;&nbsp;<\/p>\n\n\n\n<h2 class=\"wp-block-heading\">Niewykorzystany potencja\u0142 \u2013 skutki brak\u00f3w w infrastrukturze technicznej dla OZE&nbsp;<\/h2>\n\n\n\n<p>Brak mocy przy\u0142\u0105czeniowych dla odnawialnych \u017ar\u00f3de\u0142 energii w Polsce to problem, kt\u00f3ry hamuje rozw\u00f3j zielonej transformacji energetycznej i ma szereg negatywnych skutk\u00f3w zar\u00f3wno dla gospodarki, jak i dla \u015brodowiska.&nbsp;<\/p>\n\n\n\n<p>Pierwszym i najbardziej widocznym skutkiem braku mocy przy\u0142\u0105czeniowych jest niewykorzystanie potencja\u0142u ju\u017c istniej\u0105cych instalacji odnawialnych \u017ar\u00f3de\u0142 energii. Farmy wiatrowe i fotowoltaiczne, kt\u00f3re mog\u0142yby dostarcza\u0107 energi\u0119 elektryczn\u0105 do sieci, s\u0105 zmuszane do ograniczania swojej produkcji z powodu niewystarczaj\u0105cej przepustowo\u015bci infrastruktury energetycznej. Prowadzi to do niewykorzystywania cennej energii, kt\u00f3ra mog\u0142aby zasila\u0107 wiele gospodarstw domowych i wspiera\u0107 transformacj\u0119 energetyczn\u0105.&nbsp;<\/p>\n\n\n\n<p>Tego rodzaju ograniczenia nie tylko ukazuj\u0105 niedostatki techniczne systemu, ale r\u00f3wnie\u017c wp\u0142ywaj\u0105 na op\u0142acalno\u015b\u0107 inwestycji w odnawialne \u017ar\u00f3d\u0142a energii. Dla inwestor\u00f3w jest to wyra\u017any sygna\u0142, \u017ce ich projekty mog\u0105 nie przynie\u015b\u0107 oczekiwanych rezultat\u00f3w, co ostatecznie zniech\u0119ca do dalszego rozwoju sektora OZE.&nbsp;&nbsp;<\/p>\n\n\n\n<p>Kolejnym istotnym skutkiem jest op\u00f3\u017anienie w realizacji krajowych i europejskich cel\u00f3w klimatycznych. Unia Europejska d\u0105\u017cy do osi\u0105gni\u0119cia neutralno\u015bci klimatycznej do 2050 roku, a Polska zobowi\u0105za\u0142a si\u0119 do zwi\u0119kszenia udzia\u0142u OZE w miksie energetycznym. Polska, jako cz\u0142onek UE, musi dostosowa\u0107 si\u0119 do tych wymaga\u0144, zobowi\u0105zuj\u0105c si\u0119 m.in. do systematycznego wzrostu udzia\u0142u OZE w ca\u0142kowitej produkcji energii elektrycznej. Braki infrastrukturalne sprawiaj\u0105 jednak, \u017ce realizacja tych cel\u00f3w staje si\u0119 coraz bardziej problematyczna, op\u00f3\u017aniaj\u0105c transformacj\u0119 energetyczn\u0105. Oznacza to, \u017ce kraj nie tylko nie wykorzystuje potencja\u0142u dost\u0119pnych zasob\u00f3w, takich jak energia s\u0142oneczna czy wiatrowa, ale r\u00f3wnie\u017c nara\u017ca si\u0119 na rosn\u0105ce koszty zwi\u0105zane z importem energii oraz utrzymaniem przestarza\u0142ych i emisyjnych elektrowni w\u0119glowych.&nbsp;&nbsp;<\/p>\n\n\n\n<p>Niewystarczaj\u0105ca liczba przy\u0142\u0105cze\u0144 do sieci skutkuje ograniczeniem poda\u017cy ekologicznej energii na rynku. W efekcie, Polska w wi\u0119kszym stopniu polega na konwencjonalnych \u017ar\u00f3d\u0142ach energii, takich jak w\u0119giel, co prowadzi do wy\u017cszych koszt\u00f3w produkcji i wzrostu cen energii dla konsument\u00f3w. W tym kontek\u015bcie brak zdolno\u015bci przy\u0142\u0105czeniowych skutkuje r\u00f3wnie\u017c zwi\u0119kszon\u0105 emisj\u0105 gaz\u00f3w cieplarnianych &#8211; odpowiednia modernizacja sieci mog\u0142aby zredukowa\u0107 te emisje, przyczyniaj\u0105c si\u0119 do poprawy jako\u015bci powietrza.&nbsp;<\/p>\n\n\n\n<h2 class=\"wp-block-heading\">Realne dzia\u0142ania dla zwi\u0119kszenia mocy przy\u0142\u0105czeniowych \u2013 odpowied\u017a Polski na wyst\u0119puj\u0105ce problemy&nbsp;&nbsp;<\/h2>\n\n\n\n<p>Operatorzy systemu przesy\u0142owego oraz dystrybucyjnego (m.in. Tauron, PGE, Enea) podejmuj\u0105 szereg dzia\u0142a\u0144, aby zmniejszy\u0107 problem z mocami przy\u0142\u0105czeniowymi w Polsce i\u202fminimalizowa\u0107 skutki braku dro\u017cno\u015bci sieci. G\u0142\u00f3wne dzia\u0142ania koncentruj\u0105 si\u0119 na modernizacji oraz rozbudowie kluczowej infrastruktury, takiej jak linie przesy\u0142owe wysokiego napi\u0119cia i stacje transformatorowe.&nbsp;&nbsp;<\/p>\n\n\n\n<p>W\u015br\u00f3d dzia\u0142a\u0144 realnie oddzia\u0142uj\u0105cych na opisywany problem mo\u017cna wymieni\u0107 m.in. ustalenia z maja 2024 roku, w kt\u00f3rych PGE Dystrybucja i Energa-Operator, dwie sp\u00f3\u0142ki odpowiedzialne za dystrybucj\u0119 energii elektrycznej, zawar\u0142y porozumienia z Ministerstwem Klimatu i\u202f\u015arodowiska. Otrzymaj\u0105 one 145 mln z\u0142 unijnego wsparcia na realizacj\u0119 projekt\u00f3w modernizacyjnych sieci o \u0142\u0105cznej warto\u015bci 220 mln z\u0142. \u015arodki te pochodz\u0105 z programu Fundusze Europejskie dla Polski Wschodniej. Inwestycje obejm\u0105 m.in. rozw\u00f3j zaawansowanej infrastruktury dystrybucyjnej w oddzia\u0142ach PGE Dystrybucja, zlokalizowanych w Warszawie i\u202fSkar\u017cysku-Kamiennej. W przypadku PGE Dystrybucja \u015brodki umo\u017cliwi\u0105 modernizacj\u0119 70 km sieci oraz 11 stacji elektroenergetycznych w regionach Warszawy i Skar\u017cyska-Kamiennej. Z\u202fkolei Energa-Operator skieruje dofinansowanie na zwi\u0119kszenie potencja\u0142u przy\u0142\u0105czeniowego OZE w oddzia\u0142ach w Olsztynie i P\u0142ocku. Inteligentne sieci, kt\u00f3re maj\u0105 powsta\u0107 w wyniku tych inwestycji, b\u0119d\u0105 kluczowe dla lepszego zarz\u0105dzania niestabilnymi \u017ar\u00f3d\u0142ami energii, takimi jak energia s\u0142oneczna i wiatrowa. Dodatkowo, wed\u0142ug o\u015bwiadczenia prezesa PGE Dariusza Marca\u202fw przygotowaniu s\u0105 kolejne projekty inwestycyjne, co \u015bwiadczy o konsekwentnym podej\u015bciu operator\u00f3w do rozwi\u0105zywania problem\u00f3w zwi\u0105zanych z przy\u0142\u0105czeniami w polskiej energetyce.&nbsp;<\/p>\n\n\n\n<p>Fundamentalne znaczenie dla modernizacji sieci odegraj\u0105 r\u00f3wnie\u017c \u015brodki z Krajowego Planu Odbudowy (\u201eKPO\u201d). W tym zakresie przewidziano komponent \u201e<em>Zielona energia i zmniejszenie energoch\u0142onno\u015bci<\/em>\u201d. Plan zak\u0142ada wsparcie szeregu inwestycji, kt\u00f3re maj\u0105 na celu rozw\u00f3j infrastruktury elektroenergetycznej, w tym budow\u0119 nowych i modernizacj\u0119 istniej\u0105cych linii przesy\u0142owych oraz stacji transformatorowych. Dzi\u0119ki temu mo\u017cliwe b\u0119dzie zwi\u0119kszenie przepustowo\u015bci sieci, co jest niezb\u0119dne, aby przy\u0142\u0105cza\u0107 do niej kolejne instalacje OZE.&nbsp;<\/p>\n\n\n\n<p>Jednym z kluczowych projekt\u00f3w jest rozbudowa linii przesy\u0142owych 400 kV oraz stacji elektroenergetycznych, co umo\u017cliwi lepsz\u0105 integracj\u0119 odnawialnych \u017ar\u00f3de\u0142 energii, takich jak energia wiatrowa i fotowoltaika. Dzi\u0119ki temu, sie\u0107 dystrybucyjna b\u0119dzie mog\u0142a obs\u0142ugiwa\u0107 rosn\u0105ce zapotrzebowanie na energi\u0119 z OZE. W ramach projektu wdro\u017cony zostanie tak\u017ce system informacyjny, kt\u00f3ry usprawni zarz\u0105dzanie danymi na rynku energii. Do 2026 roku planowane jest wybudowanie 320 km nowych lub zmodernizowanych linii przesy\u0142owych.&nbsp;<\/p>\n\n\n\n<p>Kolejnym istotnym dzia\u0142aniem jest rozw\u00f3j system\u00f3w magazynowania energii, kt\u00f3ry ma poprawi\u0107 efektywno\u015b\u0107 wykorzystania OZE i zapewni\u0107 stabilno\u015b\u0107 dostaw energii. W ramach tego projektu modernizowana b\u0119dzie elektrownia szczytowo-pompowa Por\u0105bka-\u017bar, a tak\u017ce zainstalowanych zostanie co najmniej 28 000 przydomowych magazyn\u00f3w energii o pojemno\u015bci 4-5 kWh do 2026 roku. Te inwestycje, o \u0142\u0105cznej warto\u015bci 500 mln euro, b\u0119d\u0105 mia\u0142y kluczowe znaczenie dla dalszej transformacji energetycznej w Polsce. Na powy\u017cej om\u00f3wione dzia\u0142ania przewidziano alokacj\u0119 200 mln euro z cz\u0119\u015bci po\u017cyczkowej KPO.&nbsp;&nbsp;<\/p>\n\n\n\n<p>Rozw\u00f3j energetyki rozproszonej, kt\u00f3ry zyskuje na znaczeniu w Polsce wobec poruszanego zagadnienia braku przepustowo\u015bci sieci, stanowi istotny element rozwi\u0105zania problemu braku mocy przy\u0142\u0105czeniowych. Odpowiedzi\u0105 na to s\u0105 inicjatywy takie jak klastry energetyczne czy sp\u00f3\u0142dzielnie energetyczne, kt\u00f3re pozwalaj\u0105 na produkcj\u0119 i konsumpcj\u0119 energii na poziomie lokalnym, co ogranicza konieczno\u015b\u0107 przesy\u0142ania energii na du\u017ce odleg\u0142o\u015bci. Tego typu lokalne systemy wytw\u00f3rcze przyczyniaj\u0105 si\u0119 do zmniejszenia obci\u0105\u017cenia sieci przesy\u0142owej.&nbsp;&nbsp;<\/p>\n\n\n\n<p>Jednym z najbardziej obiecuj\u0105cych rozwi\u0105za\u0144 w zakresie mocy przy\u0142\u0105czeniowych jest rozw\u00f3j offshore wind, czyli farm wiatrowych na Ba\u0142tyku. Budowa morskich farm wiatrowych i ich przy\u0142\u0105czanie do sieci przesy\u0142owej wi\u0105\u017ce si\u0119 z realizacj\u0105 specjalnych projekt\u00f3w, w tym budow\u0105 nowych stacji przy\u0142\u0105czeniowych oraz dedykowanych linii przesy\u0142owych. Takie inwestycje z\u202fpewno\u015bci\u0105 umo\u017cliwi\u0105 korzystanie z ogromnego potencja\u0142u energetycznego Ba\u0142tyku.&nbsp;&nbsp;<\/p>\n\n\n\n<p>Wszystkie te dzia\u0142ania sk\u0142adaj\u0105 si\u0119 na ca\u0142o\u015bciow\u0105 strategi\u0119 rozwoju polskiego sektora energetycznego, kt\u00f3ry staje si\u0119 coraz bardziej zr\u00f3\u017cnicowany i odporny na wahania popytu. Kluczem do sukcesu w rozwi\u0105zywaniu problemu mocy przy\u0142\u0105czeniowych w Polsce jest po\u0142\u0105czenie lokalnych rozwi\u0105za\u0144 z inwestycjami w infrastruktur\u0119, kt\u00f3ra umo\u017cliwi sprawniejsze przy\u0142\u0105czanie nowych \u017ar\u00f3de\u0142 energii, zar\u00f3wno na poziomie indywidualnym, jak i\u202fprzemys\u0142owym.&nbsp;<\/p>\n\n\n\n<p>Podsumowuj\u0105c, brak odpowiednich mocy przy\u0142\u0105czeniowych w polskim systemie energetycznym stanowi powa\u017cne wyzwanie dla dalszego rozwoju odnawialnych \u017ar\u00f3de\u0142 energii, a tym samym dla realizacji krajowych i europejskich cel\u00f3w klimatycznych. Niewystarczaj\u0105ca infrastruktura energetyczna, w po\u0142\u0105czeniu z barierami administracyjnymi i proceduralnymi, skutkuje powa\u017cnymi op\u00f3\u017anieniami w realizacji nowych projekt\u00f3w OZE, a tak\u017ce marnotrawstwem energii z ju\u017c istniej\u0105cych instalacji. Problem ten nie tylko utrudnia transformacj\u0119 energetyczn\u0105, ale tak\u017ce negatywnie wp\u0142ywa na konkurencyjno\u015b\u0107 gospodarki, podnosz\u0105c koszty energii i zwi\u0119kszaj\u0105c emisje gaz\u00f3w cieplarnianych. Kluczowe jest podj\u0119cie pilnych dzia\u0142a\u0144 na rzecz modernizacji sieci przesy\u0142owej oraz uproszczenia i przyspieszenia procedur administracyjnych, co pozwoli na pe\u0142niejsze wykorzystanie potencja\u0142u odnawialnych \u017ar\u00f3de\u0142 energii, zwi\u0119kszaj\u0105c tym samym efektywno\u015b\u0107 polskiego systemu energetycznego i\u202fwspieraj\u0105c dekarbonizacj\u0119 gospodarki.&nbsp;<\/p>\n","protected":false},"excerpt":{"rendered":"<p>Odnawialne \u017ar\u00f3d\u0142a energii (\u201eOZE\u201d) stanowi\u0105 fundament transformacji energetycznej, kt\u00f3rej celem jest osi\u0105gni\u0119cie neutralno\u015bci klimatycznej i ograniczenie emisji gaz\u00f3w cieplarnianych. W kontek\u015bcie Unii Europejskiej OZE s\u0105 centralnym elementem strategii zawartych w\u202fEuropejskim Zielonym \u0141adzie, kt\u00f3ry wyznacza ambitne cele zwi\u0105zane z dekarbonizacj\u0105 gospodarki. Polska, b\u0119d\u0105c cz\u0119\u015bci\u0105 tego procesu, intensyfikuje swoje dzia\u0142ania w zakresie zwi\u0119kszania udzia\u0142u energii odnawialnej w [&hellip;]<\/p>\n","protected":false},"author":8,"featured_media":3070,"comment_status":"closed","ping_status":"closed","sticky":false,"template":"","format":"standard","meta":{"_acf_changed":false,"om_disable_all_campaigns":false,"footnotes":""},"categories":[42],"tags":[],"ppma_author":[108],"class_list":["post-3069","post","type-post","status-publish","format-standard","has-post-thumbnail","hentry","category-atm-blog"],"acf":[],"yoast_head":"<!-- This site is optimized with the Yoast SEO plugin v25.5 - https:\/\/yoast.com\/wordpress\/plugins\/seo\/ -->\n<title>Transformacja energetyczna w Polsce wymaga dzia\u0142ania\u00a0\u00a0 - ATM.LEGAL<\/title>\n<meta name=\"description\" content=\"Transformacja energetyczna w Polsce wymaga dzia\u0142ania\u00a0\u00a0 - ATM.LEGAL ATM.Blog\" \/>\n<meta name=\"robots\" content=\"index, follow, max-snippet:-1, max-image-preview:large, max-video-preview:-1\" \/>\n<link rel=\"canonical\" href=\"https:\/\/atm.legal\/pl\/transformacja-energetyczna-w-polsce-wyzwania-zwiazane-z-brakiem-mocy-przylaczeniowych\/\" \/>\n<meta property=\"og:locale\" content=\"pl_PL\" \/>\n<meta property=\"og:type\" content=\"article\" \/>\n<meta property=\"og:title\" content=\"Transformacja energetyczna w Polsce wymaga dzia\u0142ania\u00a0\u00a0 - ATM.LEGAL\" \/>\n<meta property=\"og:description\" content=\"Transformacja energetyczna w Polsce wymaga dzia\u0142ania\u00a0\u00a0 - ATM.LEGAL ATM.Blog\" \/>\n<meta property=\"og:url\" content=\"https:\/\/atm.legal\/pl\/transformacja-energetyczna-w-polsce-wyzwania-zwiazane-z-brakiem-mocy-przylaczeniowych\/\" \/>\n<meta property=\"og:site_name\" content=\"ATM.LEGAL\" \/>\n<meta property=\"article:published_time\" content=\"2024-12-20T10:48:45+00:00\" \/>\n<meta property=\"article:modified_time\" content=\"2024-12-20T11:02:46+00:00\" \/>\n<meta property=\"og:image\" content=\"https:\/\/atm.legal\/wp-content\/uploads\/2024\/12\/matthew-henry-yETqkLnhsUI-unsplash-scaled.jpg\" \/>\n\t<meta property=\"og:image:width\" content=\"2560\" \/>\n\t<meta property=\"og:image:height\" content=\"1707\" \/>\n\t<meta property=\"og:image:type\" content=\"image\/jpeg\" \/>\n<meta name=\"author\" content=\"Paula Kowalska\" \/>\n<meta name=\"twitter:card\" content=\"summary_large_image\" \/>\n<meta name=\"twitter:label1\" content=\"Napisane przez\" \/>\n\t<meta name=\"twitter:data1\" content=\"Artur Marcinkowski\" \/>\n\t<meta name=\"twitter:label2\" content=\"Szacowany czas czytania\" \/>\n\t<meta name=\"twitter:data2\" content=\"12 minut\" \/>\n<script type=\"application\/ld+json\" class=\"yoast-schema-graph\">{\"@context\":\"https:\/\/schema.org\",\"@graph\":[{\"@type\":\"Article\",\"@id\":\"https:\/\/atm.legal\/pl\/transformacja-energetyczna-w-polsce-wyzwania-zwiazane-z-brakiem-mocy-przylaczeniowych\/#article\",\"isPartOf\":{\"@id\":\"https:\/\/atm.legal\/pl\/transformacja-energetyczna-w-polsce-wyzwania-zwiazane-z-brakiem-mocy-przylaczeniowych\/\"},\"author\":{\"name\":\"Artur Marcinkowski\",\"@id\":\"https:\/\/atm.legal\/pl\/#\/schema\/person\/82aa2125ba0fb898e82f2e042b2a9adc\"},\"headline\":\"Transformacja energetyczna w Polsce wymaga dzia\u0142ania\u00a0\u00a0\",\"datePublished\":\"2024-12-20T10:48:45+00:00\",\"dateModified\":\"2024-12-20T11:02:46+00:00\",\"mainEntityOfPage\":{\"@id\":\"https:\/\/atm.legal\/pl\/transformacja-energetyczna-w-polsce-wyzwania-zwiazane-z-brakiem-mocy-przylaczeniowych\/\"},\"wordCount\":2335,\"publisher\":{\"@id\":\"https:\/\/atm.legal\/pl\/#organization\"},\"image\":{\"@id\":\"https:\/\/atm.legal\/pl\/transformacja-energetyczna-w-polsce-wyzwania-zwiazane-z-brakiem-mocy-przylaczeniowych\/#primaryimage\"},\"thumbnailUrl\":\"https:\/\/atm.legal\/wp-content\/uploads\/2024\/12\/matthew-henry-yETqkLnhsUI-unsplash-scaled.jpg\",\"articleSection\":[\"ATM.Blog\"],\"inLanguage\":\"pl-PL\"},{\"@type\":\"WebPage\",\"@id\":\"https:\/\/atm.legal\/pl\/transformacja-energetyczna-w-polsce-wyzwania-zwiazane-z-brakiem-mocy-przylaczeniowych\/\",\"url\":\"https:\/\/atm.legal\/pl\/transformacja-energetyczna-w-polsce-wyzwania-zwiazane-z-brakiem-mocy-przylaczeniowych\/\",\"name\":\"Transformacja energetyczna w Polsce wymaga dzia\u0142ania\u00a0\u00a0 - ATM.LEGAL\",\"isPartOf\":{\"@id\":\"https:\/\/atm.legal\/pl\/#website\"},\"primaryImageOfPage\":{\"@id\":\"https:\/\/atm.legal\/pl\/transformacja-energetyczna-w-polsce-wyzwania-zwiazane-z-brakiem-mocy-przylaczeniowych\/#primaryimage\"},\"image\":{\"@id\":\"https:\/\/atm.legal\/pl\/transformacja-energetyczna-w-polsce-wyzwania-zwiazane-z-brakiem-mocy-przylaczeniowych\/#primaryimage\"},\"thumbnailUrl\":\"https:\/\/atm.legal\/wp-content\/uploads\/2024\/12\/matthew-henry-yETqkLnhsUI-unsplash-scaled.jpg\",\"datePublished\":\"2024-12-20T10:48:45+00:00\",\"dateModified\":\"2024-12-20T11:02:46+00:00\",\"description\":\"Transformacja energetyczna w Polsce wymaga dzia\u0142ania\u00a0\u00a0 - ATM.LEGAL ATM.Blog\",\"breadcrumb\":{\"@id\":\"https:\/\/atm.legal\/pl\/transformacja-energetyczna-w-polsce-wyzwania-zwiazane-z-brakiem-mocy-przylaczeniowych\/#breadcrumb\"},\"inLanguage\":\"pl-PL\",\"potentialAction\":[{\"@type\":\"ReadAction\",\"target\":[\"https:\/\/atm.legal\/pl\/transformacja-energetyczna-w-polsce-wyzwania-zwiazane-z-brakiem-mocy-przylaczeniowych\/\"]}]},{\"@type\":\"ImageObject\",\"inLanguage\":\"pl-PL\",\"@id\":\"https:\/\/atm.legal\/pl\/transformacja-energetyczna-w-polsce-wyzwania-zwiazane-z-brakiem-mocy-przylaczeniowych\/#primaryimage\",\"url\":\"https:\/\/atm.legal\/wp-content\/uploads\/2024\/12\/matthew-henry-yETqkLnhsUI-unsplash-scaled.jpg\",\"contentUrl\":\"https:\/\/atm.legal\/wp-content\/uploads\/2024\/12\/matthew-henry-yETqkLnhsUI-unsplash-scaled.jpg\",\"width\":2560,\"height\":1707,\"caption\":\"Transformacja energetyczna w Polsce\"},{\"@type\":\"BreadcrumbList\",\"@id\":\"https:\/\/atm.legal\/pl\/transformacja-energetyczna-w-polsce-wyzwania-zwiazane-z-brakiem-mocy-przylaczeniowych\/#breadcrumb\",\"itemListElement\":[{\"@type\":\"ListItem\",\"position\":1,\"name\":\"Home\",\"item\":\"https:\/\/atm.legal\/pl\/\"},{\"@type\":\"ListItem\",\"position\":2,\"name\":\"Transformacja energetyczna w Polsce wymaga dzia\u0142ania\u00a0\u00a0\"}]},{\"@type\":\"WebSite\",\"@id\":\"https:\/\/atm.legal\/pl\/#website\",\"url\":\"https:\/\/atm.legal\/pl\/\",\"name\":\"ATM.LEGAL\",\"description\":\"\",\"publisher\":{\"@id\":\"https:\/\/atm.legal\/pl\/#organization\"},\"potentialAction\":[{\"@type\":\"SearchAction\",\"target\":{\"@type\":\"EntryPoint\",\"urlTemplate\":\"https:\/\/atm.legal\/pl\/?s={search_term_string}\"},\"query-input\":{\"@type\":\"PropertyValueSpecification\",\"valueRequired\":true,\"valueName\":\"search_term_string\"}}],\"inLanguage\":\"pl-PL\"},{\"@type\":\"Organization\",\"@id\":\"https:\/\/atm.legal\/pl\/#organization\",\"name\":\"ATM.LEGAL\",\"url\":\"https:\/\/atm.legal\/pl\/\",\"logo\":{\"@type\":\"ImageObject\",\"inLanguage\":\"pl-PL\",\"@id\":\"https:\/\/atm.legal\/pl\/#\/schema\/logo\/image\/\",\"url\":\"https:\/\/atm.legal\/wp-content\/uploads\/2022\/10\/cropped-atm-favicon-lg.png\",\"contentUrl\":\"https:\/\/atm.legal\/wp-content\/uploads\/2022\/10\/cropped-atm-favicon-lg.png\",\"width\":512,\"height\":512,\"caption\":\"ATM.LEGAL\"},\"image\":{\"@id\":\"https:\/\/atm.legal\/pl\/#\/schema\/logo\/image\/\"},\"sameAs\":[\"https:\/\/www.linkedin.com\/company\/atmlegal\/\",\"https:\/\/www.linkedin.com\/in\/artur-marcinkowski-atmlegal\/\"]},{\"@type\":\"Person\",\"@id\":\"https:\/\/atm.legal\/pl\/#\/schema\/person\/82aa2125ba0fb898e82f2e042b2a9adc\",\"name\":\"Artur Marcinkowski\",\"image\":{\"@type\":\"ImageObject\",\"inLanguage\":\"pl-PL\",\"@id\":\"https:\/\/atm.legal\/pl\/#\/schema\/person\/image\/bd18cc43cd5c61a49fe8800cf2b5ade6\",\"url\":\"https:\/\/secure.gravatar.com\/avatar\/5cb4559bdaad4c3aa8e16c43b8144fdf57bdb27d44434a9b5e438ca27de4f2dc?s=96&d=mm&r=g\",\"contentUrl\":\"https:\/\/secure.gravatar.com\/avatar\/5cb4559bdaad4c3aa8e16c43b8144fdf57bdb27d44434a9b5e438ca27de4f2dc?s=96&d=mm&r=g\",\"caption\":\"Artur Marcinkowski\"},\"url\":\"https:\/\/atm.legal\/pl\/author\/marcinkowskiatm-legal\/\"}]}<\/script>\n<!-- \/ Yoast SEO plugin. -->","yoast_head_json":{"title":"Transformacja energetyczna w Polsce wymaga dzia\u0142ania\u00a0\u00a0 - ATM.LEGAL","description":"Transformacja energetyczna w Polsce wymaga dzia\u0142ania\u00a0\u00a0 - ATM.LEGAL ATM.Blog","robots":{"index":"index","follow":"follow","max-snippet":"max-snippet:-1","max-image-preview":"max-image-preview:large","max-video-preview":"max-video-preview:-1"},"canonical":"https:\/\/atm.legal\/pl\/transformacja-energetyczna-w-polsce-wyzwania-zwiazane-z-brakiem-mocy-przylaczeniowych\/","og_locale":"pl_PL","og_type":"article","og_title":"Transformacja energetyczna w Polsce wymaga dzia\u0142ania\u00a0\u00a0 - ATM.LEGAL","og_description":"Transformacja energetyczna w Polsce wymaga dzia\u0142ania\u00a0\u00a0 - ATM.LEGAL ATM.Blog","og_url":"https:\/\/atm.legal\/pl\/transformacja-energetyczna-w-polsce-wyzwania-zwiazane-z-brakiem-mocy-przylaczeniowych\/","og_site_name":"ATM.LEGAL","article_published_time":"2024-12-20T10:48:45+00:00","article_modified_time":"2024-12-20T11:02:46+00:00","og_image":[{"width":2560,"height":1707,"url":"https:\/\/atm.legal\/wp-content\/uploads\/2024\/12\/matthew-henry-yETqkLnhsUI-unsplash-scaled.jpg","type":"image\/jpeg"}],"author":"Paula Kowalska","twitter_card":"summary_large_image","twitter_misc":{"Napisane przez":"Artur Marcinkowski","Szacowany czas czytania":"12 minut"},"schema":{"@context":"https:\/\/schema.org","@graph":[{"@type":"Article","@id":"https:\/\/atm.legal\/pl\/transformacja-energetyczna-w-polsce-wyzwania-zwiazane-z-brakiem-mocy-przylaczeniowych\/#article","isPartOf":{"@id":"https:\/\/atm.legal\/pl\/transformacja-energetyczna-w-polsce-wyzwania-zwiazane-z-brakiem-mocy-przylaczeniowych\/"},"author":{"name":"Artur Marcinkowski","@id":"https:\/\/atm.legal\/pl\/#\/schema\/person\/82aa2125ba0fb898e82f2e042b2a9adc"},"headline":"Transformacja energetyczna w Polsce wymaga dzia\u0142ania\u00a0\u00a0","datePublished":"2024-12-20T10:48:45+00:00","dateModified":"2024-12-20T11:02:46+00:00","mainEntityOfPage":{"@id":"https:\/\/atm.legal\/pl\/transformacja-energetyczna-w-polsce-wyzwania-zwiazane-z-brakiem-mocy-przylaczeniowych\/"},"wordCount":2335,"publisher":{"@id":"https:\/\/atm.legal\/pl\/#organization"},"image":{"@id":"https:\/\/atm.legal\/pl\/transformacja-energetyczna-w-polsce-wyzwania-zwiazane-z-brakiem-mocy-przylaczeniowych\/#primaryimage"},"thumbnailUrl":"https:\/\/atm.legal\/wp-content\/uploads\/2024\/12\/matthew-henry-yETqkLnhsUI-unsplash-scaled.jpg","articleSection":["ATM.Blog"],"inLanguage":"pl-PL"},{"@type":"WebPage","@id":"https:\/\/atm.legal\/pl\/transformacja-energetyczna-w-polsce-wyzwania-zwiazane-z-brakiem-mocy-przylaczeniowych\/","url":"https:\/\/atm.legal\/pl\/transformacja-energetyczna-w-polsce-wyzwania-zwiazane-z-brakiem-mocy-przylaczeniowych\/","name":"Transformacja energetyczna w Polsce wymaga dzia\u0142ania\u00a0\u00a0 - ATM.LEGAL","isPartOf":{"@id":"https:\/\/atm.legal\/pl\/#website"},"primaryImageOfPage":{"@id":"https:\/\/atm.legal\/pl\/transformacja-energetyczna-w-polsce-wyzwania-zwiazane-z-brakiem-mocy-przylaczeniowych\/#primaryimage"},"image":{"@id":"https:\/\/atm.legal\/pl\/transformacja-energetyczna-w-polsce-wyzwania-zwiazane-z-brakiem-mocy-przylaczeniowych\/#primaryimage"},"thumbnailUrl":"https:\/\/atm.legal\/wp-content\/uploads\/2024\/12\/matthew-henry-yETqkLnhsUI-unsplash-scaled.jpg","datePublished":"2024-12-20T10:48:45+00:00","dateModified":"2024-12-20T11:02:46+00:00","description":"Transformacja energetyczna w Polsce wymaga dzia\u0142ania\u00a0\u00a0 - ATM.LEGAL ATM.Blog","breadcrumb":{"@id":"https:\/\/atm.legal\/pl\/transformacja-energetyczna-w-polsce-wyzwania-zwiazane-z-brakiem-mocy-przylaczeniowych\/#breadcrumb"},"inLanguage":"pl-PL","potentialAction":[{"@type":"ReadAction","target":["https:\/\/atm.legal\/pl\/transformacja-energetyczna-w-polsce-wyzwania-zwiazane-z-brakiem-mocy-przylaczeniowych\/"]}]},{"@type":"ImageObject","inLanguage":"pl-PL","@id":"https:\/\/atm.legal\/pl\/transformacja-energetyczna-w-polsce-wyzwania-zwiazane-z-brakiem-mocy-przylaczeniowych\/#primaryimage","url":"https:\/\/atm.legal\/wp-content\/uploads\/2024\/12\/matthew-henry-yETqkLnhsUI-unsplash-scaled.jpg","contentUrl":"https:\/\/atm.legal\/wp-content\/uploads\/2024\/12\/matthew-henry-yETqkLnhsUI-unsplash-scaled.jpg","width":2560,"height":1707,"caption":"Transformacja energetyczna w Polsce"},{"@type":"BreadcrumbList","@id":"https:\/\/atm.legal\/pl\/transformacja-energetyczna-w-polsce-wyzwania-zwiazane-z-brakiem-mocy-przylaczeniowych\/#breadcrumb","itemListElement":[{"@type":"ListItem","position":1,"name":"Home","item":"https:\/\/atm.legal\/pl\/"},{"@type":"ListItem","position":2,"name":"Transformacja energetyczna w Polsce wymaga dzia\u0142ania\u00a0\u00a0"}]},{"@type":"WebSite","@id":"https:\/\/atm.legal\/pl\/#website","url":"https:\/\/atm.legal\/pl\/","name":"ATM.LEGAL","description":"","publisher":{"@id":"https:\/\/atm.legal\/pl\/#organization"},"potentialAction":[{"@type":"SearchAction","target":{"@type":"EntryPoint","urlTemplate":"https:\/\/atm.legal\/pl\/?s={search_term_string}"},"query-input":{"@type":"PropertyValueSpecification","valueRequired":true,"valueName":"search_term_string"}}],"inLanguage":"pl-PL"},{"@type":"Organization","@id":"https:\/\/atm.legal\/pl\/#organization","name":"ATM.LEGAL","url":"https:\/\/atm.legal\/pl\/","logo":{"@type":"ImageObject","inLanguage":"pl-PL","@id":"https:\/\/atm.legal\/pl\/#\/schema\/logo\/image\/","url":"https:\/\/atm.legal\/wp-content\/uploads\/2022\/10\/cropped-atm-favicon-lg.png","contentUrl":"https:\/\/atm.legal\/wp-content\/uploads\/2022\/10\/cropped-atm-favicon-lg.png","width":512,"height":512,"caption":"ATM.LEGAL"},"image":{"@id":"https:\/\/atm.legal\/pl\/#\/schema\/logo\/image\/"},"sameAs":["https:\/\/www.linkedin.com\/company\/atmlegal\/","https:\/\/www.linkedin.com\/in\/artur-marcinkowski-atmlegal\/"]},{"@type":"Person","@id":"https:\/\/atm.legal\/pl\/#\/schema\/person\/82aa2125ba0fb898e82f2e042b2a9adc","name":"Artur Marcinkowski","image":{"@type":"ImageObject","inLanguage":"pl-PL","@id":"https:\/\/atm.legal\/pl\/#\/schema\/person\/image\/bd18cc43cd5c61a49fe8800cf2b5ade6","url":"https:\/\/secure.gravatar.com\/avatar\/5cb4559bdaad4c3aa8e16c43b8144fdf57bdb27d44434a9b5e438ca27de4f2dc?s=96&d=mm&r=g","contentUrl":"https:\/\/secure.gravatar.com\/avatar\/5cb4559bdaad4c3aa8e16c43b8144fdf57bdb27d44434a9b5e438ca27de4f2dc?s=96&d=mm&r=g","caption":"Artur Marcinkowski"},"url":"https:\/\/atm.legal\/pl\/author\/marcinkowskiatm-legal\/"}]}},"authors":[{"term_id":108,"user_id":0,"is_guest":1,"slug":"paula-kowalska","display_name":"Paula Kowalska","avatar_url":"https:\/\/secure.gravatar.com\/avatar\/?s=96&d=mm&r=g","author_category":"","first_name":"","last_name":"","user_url":"","job_title":"","job_title_2":"","description":""}],"_links":{"self":[{"href":"https:\/\/atm.legal\/pl\/wp-json\/wp\/v2\/posts\/3069","targetHints":{"allow":["GET"]}}],"collection":[{"href":"https:\/\/atm.legal\/pl\/wp-json\/wp\/v2\/posts"}],"about":[{"href":"https:\/\/atm.legal\/pl\/wp-json\/wp\/v2\/types\/post"}],"author":[{"embeddable":true,"href":"https:\/\/atm.legal\/pl\/wp-json\/wp\/v2\/users\/8"}],"replies":[{"embeddable":true,"href":"https:\/\/atm.legal\/pl\/wp-json\/wp\/v2\/comments?post=3069"}],"version-history":[{"count":2,"href":"https:\/\/atm.legal\/pl\/wp-json\/wp\/v2\/posts\/3069\/revisions"}],"predecessor-version":[{"id":3077,"href":"https:\/\/atm.legal\/pl\/wp-json\/wp\/v2\/posts\/3069\/revisions\/3077"}],"wp:featuredmedia":[{"embeddable":true,"href":"https:\/\/atm.legal\/pl\/wp-json\/wp\/v2\/media\/3070"}],"wp:attachment":[{"href":"https:\/\/atm.legal\/pl\/wp-json\/wp\/v2\/media?parent=3069"}],"wp:term":[{"taxonomy":"category","embeddable":true,"href":"https:\/\/atm.legal\/pl\/wp-json\/wp\/v2\/categories?post=3069"},{"taxonomy":"post_tag","embeddable":true,"href":"https:\/\/atm.legal\/pl\/wp-json\/wp\/v2\/tags?post=3069"},{"taxonomy":"author","embeddable":true,"href":"https:\/\/atm.legal\/pl\/wp-json\/wp\/v2\/ppma_author?post=3069"}],"curies":[{"name":"wp","href":"https:\/\/api.w.org\/{rel}","templated":true}]}}